{"id":76764,"date":"2021-08-20T13:54:13","date_gmt":"2021-08-20T16:54:13","guid":{"rendered":"https:\/\/www.actualidadadiario.com\/?p=76764"},"modified":"2021-08-20T14:30:42","modified_gmt":"2021-08-20T17:30:42","slug":"macri-afirma-que-para-obama-y-merkel-su-politica-economica-estuvo-bien","status":"publish","type":"post","link":"https:\/\/www.actualidadadiario.com\/index.php\/2021\/08\/20\/macri-afirma-que-para-obama-y-merkel-su-politica-economica-estuvo-bien\/","title":{"rendered":"Macri afirma que para Obama y Merkel su pol\u00edtica econ\u00f3mica &#8220;estuvo bien&#8221;"},"content":{"rendered":"<p style=\"text-align: center;\"><em><strong>&#8220;Mucha gente se tent\u00f3 con la promesa del asado gratis, las heladeras llenas&#8230; y que realmente no entend\u00eda si de verdad el rumbo que llev\u00e1bamos era el correcto, m\u00e1s all\u00e1 de que Obama, Trump, Merkel vinieron y nos dijeron &#8216;persistan que por este rumbo van'&#8221;, asegur\u00f3 el exmandatario<\/strong><\/em><\/p>\n<p>&nbsp;<\/p>\n<p>&nbsp;<\/p>\n<p>Tras sus vacaciones en Europa y su &#8220;aislamiento pol\u00edtico&#8221; durante el cierre de listas, Mauricio Macri se suma a la campa\u00f1a de Juntos por el Cambio a tres semanas de las PASO con nuevas declaraciones defendiendo lo que fue su gobierno y ensayando alguna autocr\u00edtica.<\/p>\n<p>&#8220;Mucha gente se tent\u00f3 con la promesa del asado gratis, las heladeras llenas&#8230; y que realmente no entend\u00eda si de verdad el rumbo que llev\u00e1bamos era el correcto, m\u00e1s all\u00e1 de que Obama, Trump, Merkel vinieron y nos dijeron &#8216;persistan que por este rumbo van'&#8221;, asegur\u00f3 el exmandatario en declaraciones a Radio 2 de Rosario.<\/p>\n<p>Asimismo, opin\u00f3: &#8220;No comparto que el apoyo a Juntos por el Cambio est\u00e9 en baja. El apoyo, a pesar de las dificultades econ\u00f3micas que tuvimos entre 2018 y 2019, con los problemas de financiamiento, la sequ\u00eda, y lo que heredamos con la bomba que no pudimos desarmar pese a las expectativas que generamos, fue del 41%&#8221;.<\/p>\n<p>Macri se suma por estas horas a la campa\u00f1a electoral de cara a las PASO, luego de que se asunt\u00f3 del pa\u00eds y cedi\u00f3 el liderazgo del principal espacio opositor al jefe de Gobierno porte\u00f1o, Horacio Rodr\u00edguez Larreta.<\/p>\n<p>Por otro lado, se refiri\u00f3 a la pol\u00e9mica por el festejo de cumplea\u00f1os de la primera dama Fabiola Ya\u00f1ez, del que particip\u00f3 el presidente Alberto Fern\u00e1ndez, junto a invitados en Olivos cuando reg\u00eda en el pa\u00eds la cuarentena estricta.<\/p>\n<p>&#8220;Nuestro gobierno fue muy correcto. El acceso a la informaci\u00f3n p\u00fablica permiti\u00f3 enterarnos lo que pas\u00f3 en Olivos, y lo pusimos nosotros&#8221;, se congraci\u00f3.<\/p>\n","protected":false},"excerpt":{"rendered":"<p>&#8220;Mucha gente se tent\u00f3 con la promesa del asado gratis, las heladeras llenas&#8230; y que realmente no entend\u00eda si de verdad el rumbo que llev\u00e1bamos era el correcto, m\u00e1s all\u00e1 de que Obama, Trump, Merkel vinieron y nos dijeron &#8216;persistan que por este rumbo van&#8217;&#8221;, asegur\u00f3 el exmandatario &nbsp; &nbsp; Tras sus vacaciones en Europa y su &#8220;aislamiento pol\u00edtico&#8221; durante el cierre de listas, Mauricio Macri se suma a la campa\u00f1a de Juntos por el Cambio a tres semanas de las PASO con nuevas declaraciones defendiendo lo que fue su&#8230;<\/p>\n","protected":false},"author":3,"featured_media":76782,"comment_status":"closed","ping_status":"closed","sticky":false,"template":"","format":"standard","meta":[],"categories":[18],"tags":[],"_links":{"self":[{"href":"https:\/\/www.actualidadadiario.com\/index.php\/wp-json\/wp\/v2\/posts\/76764"}],"collection":[{"href":"https:\/\/www.actualidadadiario.com\/index.php\/wp-json\/wp\/v2\/posts"}],"about":[{"href":"https:\/\/www.actualidadadiario.com\/index.php\/wp-json\/wp\/v2\/types\/post"}],"author":[{"embeddable":true,"href":"https:\/\/www.actualidadadiario.com\/index.php\/wp-json\/wp\/v2\/users\/3"}],"replies":[{"embeddable":true,"href":"https:\/\/www.actualidadadiario.com\/index.php\/wp-json\/wp\/v2\/comments?post=76764"}],"version-history":[{"count":1,"href":"https:\/\/www.actualidadadiario.com\/index.php\/wp-json\/wp\/v2\/posts\/76764\/revisions"}],"predecessor-version":[{"id":76765,"href":"https:\/\/www.actualidadadiario.com\/index.php\/wp-json\/wp\/v2\/posts\/76764\/revisions\/76765"}],"wp:featuredmedia":[{"embeddable":true,"href":"https:\/\/www.actualidadadiario.com\/index.php\/wp-json\/wp\/v2\/media\/76782"}],"wp:attachment":[{"href":"https:\/\/www.actualidadadiario.com\/index.php\/wp-json\/wp\/v2\/media?parent=76764"}],"wp:term":[{"taxonomy":"category","embeddable":true,"href":"https:\/\/www.actualidadadiario.com\/index.php\/wp-json\/wp\/v2\/categories?post=76764"},{"taxonomy":"post_tag","embeddable":true,"href":"https:\/\/www.actualidadadiario.com\/index.php\/wp-json\/wp\/v2\/tags?post=76764"}],"curies":[{"name":"wp","href":"https:\/\/api.w.org\/{rel}","templated":true}]}}