{"id":76761,"date":"2021-08-20T13:53:32","date_gmt":"2021-08-20T16:53:32","guid":{"rendered":"https:\/\/www.actualidadadiario.com\/?p=76761"},"modified":"2021-08-20T13:53:32","modified_gmt":"2021-08-20T16:53:32","slug":"alberto-fernandez-se-reune-con-el-gabinete-con-foco-en-las-elecciones-2021","status":"publish","type":"post","link":"https:\/\/www.actualidadadiario.com\/index.php\/2021\/08\/20\/alberto-fernandez-se-reune-con-el-gabinete-con-foco-en-las-elecciones-2021\/","title":{"rendered":"Alberto Fern\u00e1ndez se re\u00fane con el Gabinete con foco en las elecciones 2021"},"content":{"rendered":"<p style=\"text-align: center;\"><em><strong>Es la primera vez que el Presidente se re\u00fane con todos sus ministros desde que comenz\u00f3 su gobierno. El objetivo es realizar una evaluaci\u00f3n de la gesti\u00f3n y los temas de campa\u00f1a, de cara a las PASO del 12 de septiembre pr\u00f3ximo<\/strong><\/em><\/p>\n<p>&nbsp;<\/p>\n<p>&nbsp;<\/p>\n<p>&nbsp;<\/p>\n<p>El presidente Alberto Fern\u00e1ndez encabeza una reuni\u00f3n de Gabinete con foco en &#8220;gesti\u00f3n y campa\u00f1a electoral&#8221;, a 24 d\u00edas de que se realicen las elecciones primarias, abiertas, simult\u00e1neas y obligatorias (PASO). Es la primera vez que el jefe de Estado se re\u00fane con todos sus ministros desde que comenz\u00f3 su gobierno.<\/p>\n<p>El encuentro se realiza desde las 11:30 en el Museo del Bicentenario, en Casa Rosada, con el objetivo de realizar una evaluaci\u00f3n de la gesti\u00f3n y los temas de campa\u00f1a, de cara a las PASO del 12 de septiembre pr\u00f3ximo.<\/p>\n<p>Adem\u00e1s del jefe de Gabinete, Santiago Cafiero, est\u00e1n presentes todos los ministros, excepto la titular de la cartera de Salud, Carla Vizzotti, quien se encuentra en Rusia para profundizar el trabajo colaborativo con el Instituto Gamaleya en relaci\u00f3n a la provisi\u00f3n de vacunas Sputnik V contra el coronavirus, seg\u00fan inform\u00f3 T\u00e9lam.<\/p>\n<p>La reuni\u00f3n es &#8220;a puertas cerradas&#8221;, con el objetivo de realizar &#8220;una evaluaci\u00f3n de la gesti\u00f3n que lleva adelante cada ministerio y ordenar el tramo final de la campa\u00f1a electoral&#8221;, seg\u00fan indicaron fuentes oficiales a la agencia Noticias Argentinas (NA).<\/p>\n<p>&#8220;La reuni\u00f3n va a ser pol\u00edtica m\u00e1s campa\u00f1a&#8221;, graficaron a NA fuentes de Casa Rosada, y detallaron que ser\u00e1 &#8220;una puesta a punto de la estrategia que se aplicar\u00e1 en lo que queda de tiempo hasta las PASO&#8221;.<\/p>\n<p>&nbsp;<\/p>\n<p><strong>Elecciones 2021<\/strong><\/p>\n<p>Fuentes oficiales anticiparon a NA que la idea del Ejecutivo es &#8220;federalizar la campa\u00f1a&#8221; de cara al 12 de septiembre, y ampliaron: &#8220;El Presidente tiene previsto visitar la semana que viene tres provincias. Tenemos que apoyar a los candidatos del interior del pa\u00eds, porque esta es una campa\u00f1a nacional&#8221;.<\/p>\n<p>Respecto de c\u00f3mo continuar\u00e1 la estrategia electoral, precisaron que los precandidatos &#8220;van a visitar f\u00e1bricas y Pymes&#8221; junto a los principales dirigentes del Frente de Todos, ante la imposibilidad que plantea la ley electoral de inaugurar obras y hacer anuncios de gesti\u00f3n.<\/p>\n<p>La reuni\u00f3n de Gabinete se produce a d\u00edas del esc\u00e1ndalo por las fotos del cumplea\u00f1os de la primera dama, Fabiola Ya\u00f1ez, en la Quinta de Olivos junto a un grupo de amigos y el Presidente el 14 de julio de 2020, en medio de la cuarentena estricta.<\/p>\n<p>Se trata de la segunda reuni\u00f3n del gabinete nacional y la primera con presencia del Presidente, dado que el 6 de junio de 2020 el jefe de Gabinete, Santiago Cafiero, fue el encargado de encabezar el primer encuentro de ministros en el Centro Cultural Kirchner (CCK), que sirvi\u00f3 para definir la agenda que de cada ministerio.<\/p>\n<p>Adem\u00e1s, a las 15, el mandatario mantendr\u00e1 una videollamada con el secretario de Estado para el Desarrollo Internacional del Reino Unido, Alok Sharma, quien asumir\u00e1 la Presidencia de la Conferencia de las Partes 26 (COP26).<\/p>\n","protected":false},"excerpt":{"rendered":"<p>Es la primera vez que el Presidente se re\u00fane con todos sus ministros desde que comenz\u00f3 su gobierno. El objetivo es realizar una evaluaci\u00f3n de la gesti\u00f3n y los temas de campa\u00f1a, de cara a las PASO del 12 de septiembre pr\u00f3ximo &nbsp; &nbsp; &nbsp; El presidente Alberto Fern\u00e1ndez encabeza una reuni\u00f3n de Gabinete con foco en &#8220;gesti\u00f3n y campa\u00f1a electoral&#8221;, a 24 d\u00edas de que se realicen las elecciones primarias, abiertas, simult\u00e1neas y obligatorias (PASO). Es la primera vez que el jefe de Estado se re\u00fane con todos sus&#8230;<\/p>\n","protected":false},"author":3,"featured_media":76762,"comment_status":"closed","ping_status":"closed","sticky":false,"template":"","format":"standard","meta":[],"categories":[18],"tags":[],"_links":{"self":[{"href":"https:\/\/www.actualidadadiario.com\/index.php\/wp-json\/wp\/v2\/posts\/76761"}],"collection":[{"href":"https:\/\/www.actualidadadiario.com\/index.php\/wp-json\/wp\/v2\/posts"}],"about":[{"href":"https:\/\/www.actualidadadiario.com\/index.php\/wp-json\/wp\/v2\/types\/post"}],"author":[{"embeddable":true,"href":"https:\/\/www.actualidadadiario.com\/index.php\/wp-json\/wp\/v2\/users\/3"}],"replies":[{"embeddable":true,"href":"https:\/\/www.actualidadadiario.com\/index.php\/wp-json\/wp\/v2\/comments?post=76761"}],"version-history":[{"count":1,"href":"https:\/\/www.actualidadadiario.com\/index.php\/wp-json\/wp\/v2\/posts\/76761\/revisions"}],"predecessor-version":[{"id":76763,"href":"https:\/\/www.actualidadadiario.com\/index.php\/wp-json\/wp\/v2\/posts\/76761\/revisions\/76763"}],"wp:featuredmedia":[{"embeddable":true,"href":"https:\/\/www.actualidadadiario.com\/index.php\/wp-json\/wp\/v2\/media\/76762"}],"wp:attachment":[{"href":"https:\/\/www.actualidadadiario.com\/index.php\/wp-json\/wp\/v2\/media?parent=76761"}],"wp:term":[{"taxonomy":"category","embeddable":true,"href":"https:\/\/www.actualidadadiario.com\/index.php\/wp-json\/wp\/v2\/categories?post=76761"},{"taxonomy":"post_tag","embeddable":true,"href":"https:\/\/www.actualidadadiario.com\/index.php\/wp-json\/wp\/v2\/tags?post=76761"}],"curies":[{"name":"wp","href":"https:\/\/api.w.org\/{rel}","templated":true}]}}