{"id":76758,"date":"2021-08-20T13:52:29","date_gmt":"2021-08-20T16:52:29","guid":{"rendered":"https:\/\/www.actualidadadiario.com\/?p=76758"},"modified":"2021-08-20T13:52:29","modified_gmt":"2021-08-20T16:52:29","slug":"lammens-adelanto-que-a-fines-de-septiembre-volvera-el-publico-a-las-canchas","status":"publish","type":"post","link":"https:\/\/www.actualidadadiario.com\/index.php\/2021\/08\/20\/lammens-adelanto-que-a-fines-de-septiembre-volvera-el-publico-a-las-canchas\/","title":{"rendered":"Lammens adelant\u00f3 que \u201ca fines de septiembre volver\u00e1 el p\u00fablico a las canchas\u201d"},"content":{"rendered":"<p style=\"text-align: center;\"><em><strong>El ministro de Turismo y Deportes de la Naci\u00f3n, Mat\u00edas Lammens, adelant\u00f3 hoy que \u201ca fines de septiembre habr\u00e1 p\u00fablico en las canchas de f\u00fatbol\u201d, y record\u00f3 que los detalles se ajustar\u00e1n en la reuni\u00f3n que mantendr\u00e1 en los pr\u00f3ximos d\u00edas con autoridades de la AFA y la Liga Profesional (LPF)<\/strong><\/em><\/p>\n<p>&nbsp;<\/p>\n<p>&nbsp;<\/p>\n<p>\u201dEl regreso de los hinchas al f\u00fatbol est\u00e1 cerca. A fines de septiembre volver\u00e1 el p\u00fablico a las canchas\u201d, afirm\u00f3 Lammens en declaraciones a Radio La Red. El funcionario explic\u00f3 que mantuvo reuniones con el jefe de Gabinete, Santiago Cafiero, y tambi\u00e9n con la ministra de Salud, Carla Vizzotti, en la que se trat\u00f3 el tema de la vuelta de los espectadores a los eventos deportivos, algo que no se da desde marzo de 2020 a ra\u00edz de la pandemia de coronavirus.<\/p>\n<p>\u201dEs una de las cuestiones que tratamos con el jefe de gabinete y la ministra de salud. La idea es comenzar con un aforo determinado que podr\u00eda ser del 30% y luego gradualmente se ir\u00e1 incrementado a medida que mejore la situaci\u00f3n sanitaria\u201d, a\u00f1adi\u00f3 Lammens.<\/p>\n<p>El ex presidente de San Lorenzo record\u00f3 que mantendr\u00e1 una reuni\u00f3n con AFA y LPF en la que les pedir\u00e1 que elaboren un protocolo especial para cada uno de los estadios y que no est\u00e1 en los planes solicitar la vacunaci\u00f3n o un carnet sanitario para ingresar a las tribunas aunque \u201ces una posibilidad\u201d. \u201cEl buen ritmo de vacunaci\u00f3n que estamos teniendo es lo que nos permite pensar en esto\u201d, destac\u00f3 finalmente Lammens.<\/p>\n","protected":false},"excerpt":{"rendered":"<p>El ministro de Turismo y Deportes de la Naci\u00f3n, Mat\u00edas Lammens, adelant\u00f3 hoy que \u201ca fines de septiembre habr\u00e1 p\u00fablico en las canchas de f\u00fatbol\u201d, y record\u00f3 que los detalles se ajustar\u00e1n en la reuni\u00f3n que mantendr\u00e1 en los pr\u00f3ximos d\u00edas con autoridades de la AFA y la Liga Profesional (LPF) &nbsp; &nbsp; \u201dEl regreso de los hinchas al f\u00fatbol est\u00e1 cerca. A fines de septiembre volver\u00e1 el p\u00fablico a las canchas\u201d, afirm\u00f3 Lammens en declaraciones a Radio La Red. El funcionario explic\u00f3 que mantuvo reuniones con el jefe de&#8230;<\/p>\n","protected":false},"author":3,"featured_media":76759,"comment_status":"closed","ping_status":"closed","sticky":false,"template":"","format":"standard","meta":[],"categories":[18],"tags":[],"_links":{"self":[{"href":"https:\/\/www.actualidadadiario.com\/index.php\/wp-json\/wp\/v2\/posts\/76758"}],"collection":[{"href":"https:\/\/www.actualidadadiario.com\/index.php\/wp-json\/wp\/v2\/posts"}],"about":[{"href":"https:\/\/www.actualidadadiario.com\/index.php\/wp-json\/wp\/v2\/types\/post"}],"author":[{"embeddable":true,"href":"https:\/\/www.actualidadadiario.com\/index.php\/wp-json\/wp\/v2\/users\/3"}],"replies":[{"embeddable":true,"href":"https:\/\/www.actualidadadiario.com\/index.php\/wp-json\/wp\/v2\/comments?post=76758"}],"version-history":[{"count":1,"href":"https:\/\/www.actualidadadiario.com\/index.php\/wp-json\/wp\/v2\/posts\/76758\/revisions"}],"predecessor-version":[{"id":76760,"href":"https:\/\/www.actualidadadiario.com\/index.php\/wp-json\/wp\/v2\/posts\/76758\/revisions\/76760"}],"wp:featuredmedia":[{"embeddable":true,"href":"https:\/\/www.actualidadadiario.com\/index.php\/wp-json\/wp\/v2\/media\/76759"}],"wp:attachment":[{"href":"https:\/\/www.actualidadadiario.com\/index.php\/wp-json\/wp\/v2\/media?parent=76758"}],"wp:term":[{"taxonomy":"category","embeddable":true,"href":"https:\/\/www.actualidadadiario.com\/index.php\/wp-json\/wp\/v2\/categories?post=76758"},{"taxonomy":"post_tag","embeddable":true,"href":"https:\/\/www.actualidadadiario.com\/index.php\/wp-json\/wp\/v2\/tags?post=76758"}],"curies":[{"name":"wp","href":"https:\/\/api.w.org\/{rel}","templated":true}]}}