{"id":76755,"date":"2021-08-20T13:51:29","date_gmt":"2021-08-20T16:51:29","guid":{"rendered":"https:\/\/www.actualidadadiario.com\/?p=76755"},"modified":"2021-08-20T13:51:29","modified_gmt":"2021-08-20T16:51:29","slug":"extienden-el-repro-2-que-paga-22-000-a-monotributistas-y-autonomos-de-sectores-criticos","status":"publish","type":"post","link":"https:\/\/www.actualidadadiario.com\/index.php\/2021\/08\/20\/extienden-el-repro-2-que-paga-22-000-a-monotributistas-y-autonomos-de-sectores-criticos\/","title":{"rendered":"Extienden el Repro 2 que paga $22.000 a monotributistas y aut\u00f3nomos de sectores cr\u00edticos"},"content":{"rendered":"<p style=\"text-align: center;\"><em><strong>Trabajadores independientes podr\u00e1n inscribirse al programa de asistencia por la pandemia de Covid-19 y obtener un beneficio econ\u00f3mico por salarios devengados este mes. Cu\u00e1les son los requisitos y rubros alcanzados por la medida<\/strong><\/em><\/p>\n<p>&nbsp;<\/p>\n<p>&nbsp;<\/p>\n<p>&nbsp;<\/p>\n<p>El Ministerio de Trabajo extendi\u00f3 el programa Repro 2 para trabajadores independientes (monotributistas y aut\u00f3nomos) de sectores cr\u00edticos, por el cual cobran hasta $22.000, correspondientes a los salarios devengados este mes.<\/p>\n<p>La cartera laboral extendi\u00f3 el Programa de Asistencia de Emergencia a Trabajadoras y Trabajadores Independientes en sectores cr\u00edticos para los salarios devengados este mes, a trav\u00e9s de la Resoluci\u00f3n 486\/2021 publicada hoy en el Bolet\u00edn Oficial.<\/p>\n<p>La norma establece que estos trabajadores deber\u00e1n cumplir con el conjunto de indicadores econ\u00f3micos, financieros y laborales, fijados para el criterio de selecci\u00f3n, que hasta ahora se comparaban interanualmente y pasan a hacerse contra 2019.<\/p>\n<p>&nbsp;<\/p>\n<p><strong>Quienes acceden al Repro 2 para independientes<\/strong><\/p>\n<p>Monotributistas y aut\u00f3nomos podr\u00e1n inscribirse al Repro II y obtener un beneficio de $22.000 por trabajadora o trabajador independiente. Esto ser\u00e1 v\u00e1lido para quienes no tengan empleados en relaci\u00f3n de dependencia o tengan hasta 5 empleados y formen parte de los siguientes sectores:<\/p>\n<ul>\n<li>Gastronom\u00eda<\/li>\n<li>Turismo<\/li>\n<li>Transporte<\/li>\n<li>Industrias culturales<\/li>\n<li>Actividades deportivas y de esparcimiento<\/li>\n<li>Comercio de rubros no esenciales y de ramas esenciales pero que en los \u00faltimos meses han estado afectados por la ca\u00edda de la circulaci\u00f3n<\/li>\n<li>Peluquer\u00edas y centros de belleza<\/li>\n<li>Requisitos<\/li>\n<\/ul>\n<p>&nbsp;<\/p>\n<p><strong>Los indicadores con los que deben cumplir son:<\/strong> la variaci\u00f3n porcentual de la facturaci\u00f3n, del IVA compras, del consumo de energ\u00eda el\u00e9ctrica y gas\u00edfera, de la relaci\u00f3n entre el costo laboral total y la facturaci\u00f3n, y de las importaciones, el endeudamiento (pasivo total \/ patrimonio neto) y la liquidez corriente (activo corriente \/ pasivo corriente).<\/p>\n<p>Para todos los indicadores, excepto los de endeudamiento y liquidez corriente, el per\u00edodo de referencia para la variaci\u00f3n porcentual son los \u00faltimos dos meses anteriores al mes en el cual el Programa brinda la asistencia y los mismos meses de 2019.<\/p>\n<p>Por otra parte, la resoluci\u00f3n except\u00faa a los sectores cr\u00edticos, para el mes correspondiente a los salarios devengados en agosto, de la presentaci\u00f3n del balance requerido.<\/p>\n<p>Para acceder al beneficio de $22.000, la persona alcanzada por el beneficio deber\u00e1 presentar una reducci\u00f3n de la facturaci\u00f3n superior al 20% en t\u00e9rminos reales, para el per\u00edodo comprendido entre julio de 2019 y el mismo mes de 2021, cuando hasta ahora se tomaba abril de ambos a\u00f1os para su comparaci\u00f3n.<\/p>\n","protected":false},"excerpt":{"rendered":"<p>Trabajadores independientes podr\u00e1n inscribirse al programa de asistencia por la pandemia de Covid-19 y obtener un beneficio econ\u00f3mico por salarios devengados este mes. Cu\u00e1les son los requisitos y rubros alcanzados por la medida &nbsp; &nbsp; &nbsp; El Ministerio de Trabajo extendi\u00f3 el programa Repro 2 para trabajadores independientes (monotributistas y aut\u00f3nomos) de sectores cr\u00edticos, por el cual cobran hasta $22.000, correspondientes a los salarios devengados este mes. La cartera laboral extendi\u00f3 el Programa de Asistencia de Emergencia a Trabajadoras y Trabajadores Independientes en sectores cr\u00edticos para los salarios devengados este&#8230;<\/p>\n","protected":false},"author":3,"featured_media":76756,"comment_status":"closed","ping_status":"closed","sticky":false,"template":"","format":"standard","meta":[],"categories":[18],"tags":[],"_links":{"self":[{"href":"https:\/\/www.actualidadadiario.com\/index.php\/wp-json\/wp\/v2\/posts\/76755"}],"collection":[{"href":"https:\/\/www.actualidadadiario.com\/index.php\/wp-json\/wp\/v2\/posts"}],"about":[{"href":"https:\/\/www.actualidadadiario.com\/index.php\/wp-json\/wp\/v2\/types\/post"}],"author":[{"embeddable":true,"href":"https:\/\/www.actualidadadiario.com\/index.php\/wp-json\/wp\/v2\/users\/3"}],"replies":[{"embeddable":true,"href":"https:\/\/www.actualidadadiario.com\/index.php\/wp-json\/wp\/v2\/comments?post=76755"}],"version-history":[{"count":1,"href":"https:\/\/www.actualidadadiario.com\/index.php\/wp-json\/wp\/v2\/posts\/76755\/revisions"}],"predecessor-version":[{"id":76757,"href":"https:\/\/www.actualidadadiario.com\/index.php\/wp-json\/wp\/v2\/posts\/76755\/revisions\/76757"}],"wp:featuredmedia":[{"embeddable":true,"href":"https:\/\/www.actualidadadiario.com\/index.php\/wp-json\/wp\/v2\/media\/76756"}],"wp:attachment":[{"href":"https:\/\/www.actualidadadiario.com\/index.php\/wp-json\/wp\/v2\/media?parent=76755"}],"wp:term":[{"taxonomy":"category","embeddable":true,"href":"https:\/\/www.actualidadadiario.com\/index.php\/wp-json\/wp\/v2\/categories?post=76755"},{"taxonomy":"post_tag","embeddable":true,"href":"https:\/\/www.actualidadadiario.com\/index.php\/wp-json\/wp\/v2\/tags?post=76755"}],"curies":[{"name":"wp","href":"https:\/\/api.w.org\/{rel}","templated":true}]}}