{"id":76749,"date":"2021-08-20T13:49:34","date_gmt":"2021-08-20T16:49:34","guid":{"rendered":"https:\/\/www.actualidadadiario.com\/?p=76749"},"modified":"2021-08-20T13:49:34","modified_gmt":"2021-08-20T16:49:34","slug":"la-utt-celebra-la-decision-del-gobierno-sobre-el-trabajo-golondrina","status":"publish","type":"post","link":"https:\/\/www.actualidadadiario.com\/index.php\/2021\/08\/20\/la-utt-celebra-la-decision-del-gobierno-sobre-el-trabajo-golondrina\/","title":{"rendered":"La UTT celebra la decisi\u00f3n del gobierno sobre el \u201ctrabajo golondrina\u201d"},"content":{"rendered":"<p style=\"text-align: center;\"><em><strong>El decreto 514\/21 permite que los trabajadores temporales sigan cobrando la asistencia social. Todos los a\u00f1os se movilizan unos 600.000 trabajadores temporales para realizar actividades rurales<\/strong><\/em><\/p>\n<p>&nbsp;<\/p>\n<p>&nbsp;<\/p>\n<p>La Uni\u00f3n de Trabajadores y Trabajadoras de la Tierra (UTT) celebr\u00f3 la publicaci\u00f3n del decreto 514\/21 por el cual los trabajadores rurales temporarios que reciben beneficios sociales pueden acceder a empleos formales sin que ello implique la p\u00e9rdida de los beneficios no contributivos que ven\u00edan percibiendo, especialmente la AUH y el Potenciar Trabajo.<\/p>\n<p>\u201cEs un gran logro para nuestro sector, algo que ven\u00edamos planteando al Ministerio de Trabajo hace a\u00f1os para poder solucionar los t\u00edpicos problemas que se dan con la informalidad del trabajo en algunas cosechas de nuestro pa\u00eds\u201d, expres\u00f3 Agust\u00edn Su\u00e1rez, vocero de la UTT, un gremio que agrupa a 22.000 familias rurales en todo el pa\u00eds.<\/p>\n<p>La UTT record\u00f3 que \u00e9ste era un reclamo hist\u00f3rico del sector, para que los trabajadores \u201cgolondrina\u201d puedan tener un trabajo registrado en tiempos de cosecha, sin perder sus beneficios sociales cuando termina la zafra.<\/p>\n<p>En \u00e9pocas de cosecha, m\u00e1s de 600.000 trabajadores temporarios se movilizan en todo el pa\u00eds. Las producciones de las econom\u00edas regionales emplean hasta un 75% de estos obreros y obreras en tiempos de cosecha.<\/p>\n<p>\u201cAhora es necesario mejorar las condiciones de formalidad de los peque\u00f1os productores a trav\u00e9s de pol\u00edticas p\u00fablicas espec\u00edficas, para poder contratar a jornaleros y trabajadores golondrina de forma digna, porque si esto no sucede continuaremos en la informalidad\u201d, agreg\u00f3 Cinthia Almaz\u00e1n, productora cebollera y secretaria de la UTT en Pedro Luro.<\/p>\n<p>El decreto 514\/21 invita a las provincias a adherir al texto de forma tal que los planes sociales de esas jurisdicciones tambi\u00e9n est\u00e9n incluidos en el programa, cuya vigencia se estableci\u00f3 en dos a\u00f1os.<\/p>\n","protected":false},"excerpt":{"rendered":"<p>El decreto 514\/21 permite que los trabajadores temporales sigan cobrando la asistencia social. Todos los a\u00f1os se movilizan unos 600.000 trabajadores temporales para realizar actividades rurales &nbsp; &nbsp; La Uni\u00f3n de Trabajadores y Trabajadoras de la Tierra (UTT) celebr\u00f3 la publicaci\u00f3n del decreto 514\/21 por el cual los trabajadores rurales temporarios que reciben beneficios sociales pueden acceder a empleos formales sin que ello implique la p\u00e9rdida de los beneficios no contributivos que ven\u00edan percibiendo, especialmente la AUH y el Potenciar Trabajo. \u201cEs un gran logro para nuestro sector, algo que&#8230;<\/p>\n","protected":false},"author":3,"featured_media":76750,"comment_status":"closed","ping_status":"closed","sticky":false,"template":"","format":"standard","meta":[],"categories":[18],"tags":[],"_links":{"self":[{"href":"https:\/\/www.actualidadadiario.com\/index.php\/wp-json\/wp\/v2\/posts\/76749"}],"collection":[{"href":"https:\/\/www.actualidadadiario.com\/index.php\/wp-json\/wp\/v2\/posts"}],"about":[{"href":"https:\/\/www.actualidadadiario.com\/index.php\/wp-json\/wp\/v2\/types\/post"}],"author":[{"embeddable":true,"href":"https:\/\/www.actualidadadiario.com\/index.php\/wp-json\/wp\/v2\/users\/3"}],"replies":[{"embeddable":true,"href":"https:\/\/www.actualidadadiario.com\/index.php\/wp-json\/wp\/v2\/comments?post=76749"}],"version-history":[{"count":1,"href":"https:\/\/www.actualidadadiario.com\/index.php\/wp-json\/wp\/v2\/posts\/76749\/revisions"}],"predecessor-version":[{"id":76751,"href":"https:\/\/www.actualidadadiario.com\/index.php\/wp-json\/wp\/v2\/posts\/76749\/revisions\/76751"}],"wp:featuredmedia":[{"embeddable":true,"href":"https:\/\/www.actualidadadiario.com\/index.php\/wp-json\/wp\/v2\/media\/76750"}],"wp:attachment":[{"href":"https:\/\/www.actualidadadiario.com\/index.php\/wp-json\/wp\/v2\/media?parent=76749"}],"wp:term":[{"taxonomy":"category","embeddable":true,"href":"https:\/\/www.actualidadadiario.com\/index.php\/wp-json\/wp\/v2\/categories?post=76749"},{"taxonomy":"post_tag","embeddable":true,"href":"https:\/\/www.actualidadadiario.com\/index.php\/wp-json\/wp\/v2\/tags?post=76749"}],"curies":[{"name":"wp","href":"https:\/\/api.w.org\/{rel}","templated":true}]}}