{"id":76747,"date":"2021-08-20T13:48:42","date_gmt":"2021-08-20T16:48:42","guid":{"rendered":"https:\/\/www.actualidadadiario.com\/?p=76747"},"modified":"2021-08-20T13:48:42","modified_gmt":"2021-08-20T16:48:42","slug":"aumento-a-jubilados-anses-oficializo-el-124-por-ciento-de-septiembre","status":"publish","type":"post","link":"https:\/\/www.actualidadadiario.com\/index.php\/2021\/08\/20\/aumento-a-jubilados-anses-oficializo-el-124-por-ciento-de-septiembre\/","title":{"rendered":"Aumento a jubilados: Anses oficializ\u00f3 el 12,4 por ciento de septiembre"},"content":{"rendered":"<p style=\"text-align: center;\"><em><strong>El gobierno nacional oficializ\u00f3 el aumento del 12,39 por ciento en las jubilaciones, pensiones y asignaciones, lo que elev\u00f3 esos haberes a un 36,2 por ciento en lo que va del a\u00f1o. Con esta medida, a partir del pr\u00f3ximo mes la jubilaci\u00f3n m\u00ednima ser\u00e1 de 25.922 pesos<\/strong><\/em><\/p>\n<p>&nbsp;<\/p>\n<p>&nbsp;<\/p>\n<p>Este incremento alcanzar\u00e1 a 7,1 millones de jubiladas, jubilados, pensionadas y pensionados, a m\u00e1s de 9 millones de ni\u00f1os, ni\u00f1as y adolescentes (4,4 millones de Asignaciones Universales por Hijo y 4,6 millones de Asignaciones Familiares) y a m\u00e1s de 800 mil c\u00f3nyuges.<\/p>\n<p>La Resoluci\u00f3n 171\/2021 de la Anses publicada en el Bolet\u00edn Oficial tambi\u00e9n pone topes. El haber m\u00e1ximo alcanzar\u00e1 a 174.433 pesos y la Asignaci\u00f3n Universal por Hijo (AUH) y por Embarazo, a 5.063 pesos. Tambi\u00e9n abarcar\u00e1 las asignaciones Prenatal, Nacimiento, Adopci\u00f3n y Matrimonio.<\/p>\n<p>&nbsp;<\/p>\n<p><strong>El tercer aumento en lo que va del a\u00f1o<\/strong><\/p>\n<p>&#8220;Establ\u00e9cese que el valor de la movilidad prevista en el art\u00edculo 32 de la Ley N\u00b0 24.241 y sus modificatorias, correspondiente a septiembre de 2021, es de 12,39 por ciento&#8221;, indica el texto que lleva la firma de la directora ejecutiva de ese organismo, Fernanda Raverta.<\/p>\n<p>El incremento es producto de la nueva Ley de Movilidad impulsada por el Frente de Todos, que establece incrementos trimestrales. De esta manera, a partir del primero de septiembre se aplicar\u00e1 la tercera suba prevista por ley.<\/p>\n<p>Adem\u00e1s los aumentos en estos haberes, el gobierno de Alberto Fern\u00e1ndez dispuso en lo que va de este a\u00f1o la entrega de tres bonos que complementan y mejoran esos ingresos: en abril y mayo, de 1.500 pesos cada mes, para complementar la movilidad de marzo. A eso se sum\u00f3 uno de 5 mil que se est\u00e1 pagando durante este mes.<\/p>\n<p>Adem\u00e1s, a trav\u00e9s de la Resoluci\u00f3n 172\/2021, tambi\u00e9n publicada este viernes, se establecieron los calendarios de pago de las Prestaciones del Sistema Integrado Previsional Argentino (SIPA), para las emisiones correspondientes a de septiembre, octubre y noviembre.<\/p>\n","protected":false},"excerpt":{"rendered":"<p>El gobierno nacional oficializ\u00f3 el aumento del 12,39 por ciento en las jubilaciones, pensiones y asignaciones, lo que elev\u00f3 esos haberes a un 36,2 por ciento en lo que va del a\u00f1o. Con esta medida, a partir del pr\u00f3ximo mes la jubilaci\u00f3n m\u00ednima ser\u00e1 de 25.922 pesos &nbsp; &nbsp; Este incremento alcanzar\u00e1 a 7,1 millones de jubiladas, jubilados, pensionadas y pensionados, a m\u00e1s de 9 millones de ni\u00f1os, ni\u00f1as y adolescentes (4,4 millones de Asignaciones Universales por Hijo y 4,6 millones de Asignaciones Familiares) y a m\u00e1s de 800 mil&#8230;<\/p>\n","protected":false},"author":3,"featured_media":76383,"comment_status":"closed","ping_status":"closed","sticky":false,"template":"","format":"standard","meta":[],"categories":[9],"tags":[],"_links":{"self":[{"href":"https:\/\/www.actualidadadiario.com\/index.php\/wp-json\/wp\/v2\/posts\/76747"}],"collection":[{"href":"https:\/\/www.actualidadadiario.com\/index.php\/wp-json\/wp\/v2\/posts"}],"about":[{"href":"https:\/\/www.actualidadadiario.com\/index.php\/wp-json\/wp\/v2\/types\/post"}],"author":[{"embeddable":true,"href":"https:\/\/www.actualidadadiario.com\/index.php\/wp-json\/wp\/v2\/users\/3"}],"replies":[{"embeddable":true,"href":"https:\/\/www.actualidadadiario.com\/index.php\/wp-json\/wp\/v2\/comments?post=76747"}],"version-history":[{"count":1,"href":"https:\/\/www.actualidadadiario.com\/index.php\/wp-json\/wp\/v2\/posts\/76747\/revisions"}],"predecessor-version":[{"id":76748,"href":"https:\/\/www.actualidadadiario.com\/index.php\/wp-json\/wp\/v2\/posts\/76747\/revisions\/76748"}],"wp:featuredmedia":[{"embeddable":true,"href":"https:\/\/www.actualidadadiario.com\/index.php\/wp-json\/wp\/v2\/media\/76383"}],"wp:attachment":[{"href":"https:\/\/www.actualidadadiario.com\/index.php\/wp-json\/wp\/v2\/media?parent=76747"}],"wp:term":[{"taxonomy":"category","embeddable":true,"href":"https:\/\/www.actualidadadiario.com\/index.php\/wp-json\/wp\/v2\/categories?post=76747"},{"taxonomy":"post_tag","embeddable":true,"href":"https:\/\/www.actualidadadiario.com\/index.php\/wp-json\/wp\/v2\/tags?post=76747"}],"curies":[{"name":"wp","href":"https:\/\/api.w.org\/{rel}","templated":true}]}}