{"id":76744,"date":"2021-08-20T13:47:58","date_gmt":"2021-08-20T16:47:58","guid":{"rendered":"https:\/\/www.actualidadadiario.com\/?p=76744"},"modified":"2021-08-20T13:47:58","modified_gmt":"2021-08-20T16:47:58","slug":"mantener-distancia-llevar-birome-y-dejar-el-dni-en-la-mesa-las-medidas-de-prevencion-para-votar-en-las-paso","status":"publish","type":"post","link":"https:\/\/www.actualidadadiario.com\/index.php\/2021\/08\/20\/mantener-distancia-llevar-birome-y-dejar-el-dni-en-la-mesa-las-medidas-de-prevencion-para-votar-en-las-paso\/","title":{"rendered":"Mantener distancia, llevar birome y dejar el DNI en la mesa: las medidas de prevenci\u00f3n para votar en las PASO"},"content":{"rendered":"<p style=\"text-align: center;\"><em><strong>El Gobierno difundi\u00f3 por redes sociales una serie de recomendaciones para sufragar durante el 12 de septiembre en medio de la pandemia<\/strong><\/em><\/p>\n<p>&nbsp;<\/p>\n<p>&nbsp;<\/p>\n<p>A tres semanas de las primarias abiertas, simult\u00e1neas y obligatorias (PASO) del 12 de setiembre, el Gobierno convoc\u00f3 a la ciudadan\u00eda a concurrir a votar teniendo en cuenta las medidas sanitarias de prevenci\u00f3n adoptadas por el coronavirus, que incluir\u00e1n un horario especial entre las 10.30 y las 12.30 para los adultos mayores, entre otras.<\/p>\n<p>&#8220;Cuando vayas a votar en las PASO ten\u00e9 en cuenta las medidas de prevenci\u00f3n. La pandemia no termin\u00f3, sigamos cumpliendo las recomendaciones sanitarias. Yendo a votar est\u00e1s cuidando la democracia. Cuid\u00e1 tambi\u00e9n tu salud y la de los dem\u00e1s&#8221;, dice el mensaje publicado hoy en las rede sociales de la Presidencia de la Naci\u00f3n, junto a un video did\u00e1ctico explicando las medidas.<\/p>\n<p>&#8220;El 12 de septiembre son las elecciones Primarias, Abiertas, Simult\u00e1neas y Obligatorias. Yendo a votar est\u00e1s cuidando la democracia&#8221;, a\u00f1adi\u00f3 el jefe de Gabinete, Santiago Cafiero, en su cuenta de Twitter.<\/p>\n<p>Seg\u00fan se explica en el video, en cada establecimiento dispuesto para las votaciones habr\u00e1 una persona responsable del protocolo de cuidados, que se llama &#8220;facilitador sanitario&#8221;.<\/p>\n<p>Entre otras medidas de prevenci\u00f3n, se destaca que &#8220;si hay fila hay que mantener una distancia de dos metros&#8221; entre los votantes y se precisa que &#8220;las personas mayores tendr\u00e1n prioridad para votar entre las 10,30 y las 12.30&#8221; de ese d\u00eda.<\/p>\n<p>Adem\u00e1s habr\u00e1 un &#8220;kit sanitario en cada mesa&#8221; de votaci\u00f3n y se solicita a la ciudadan\u00eda que lleve su propia birome para firmar el padr\u00f3n.<\/p>\n<p>En tanto, despu\u00e9s de votar, las autoridades de mesa dejar\u00e1n la constancia y el DNI sobre la mesa para que cada elector pueda retirarlo, sin contacto f\u00edsico.<\/p>\n<p>&#8220;Hace m\u00e1s de un a\u00f1o y medio que nos estamos cuidamos. Y lo vamos a seguir haciendo. Yendo a votar estamos cuidando la democracia&#8221;, concluye el mensaje del video.<\/p>\n","protected":false},"excerpt":{"rendered":"<p>El Gobierno difundi\u00f3 por redes sociales una serie de recomendaciones para sufragar durante el 12 de septiembre en medio de la pandemia &nbsp; &nbsp; A tres semanas de las primarias abiertas, simult\u00e1neas y obligatorias (PASO) del 12 de setiembre, el Gobierno convoc\u00f3 a la ciudadan\u00eda a concurrir a votar teniendo en cuenta las medidas sanitarias de prevenci\u00f3n adoptadas por el coronavirus, que incluir\u00e1n un horario especial entre las 10.30 y las 12.30 para los adultos mayores, entre otras. &#8220;Cuando vayas a votar en las PASO ten\u00e9 en cuenta las medidas&#8230;<\/p>\n","protected":false},"author":3,"featured_media":76745,"comment_status":"closed","ping_status":"closed","sticky":false,"template":"","format":"standard","meta":[],"categories":[9],"tags":[],"_links":{"self":[{"href":"https:\/\/www.actualidadadiario.com\/index.php\/wp-json\/wp\/v2\/posts\/76744"}],"collection":[{"href":"https:\/\/www.actualidadadiario.com\/index.php\/wp-json\/wp\/v2\/posts"}],"about":[{"href":"https:\/\/www.actualidadadiario.com\/index.php\/wp-json\/wp\/v2\/types\/post"}],"author":[{"embeddable":true,"href":"https:\/\/www.actualidadadiario.com\/index.php\/wp-json\/wp\/v2\/users\/3"}],"replies":[{"embeddable":true,"href":"https:\/\/www.actualidadadiario.com\/index.php\/wp-json\/wp\/v2\/comments?post=76744"}],"version-history":[{"count":1,"href":"https:\/\/www.actualidadadiario.com\/index.php\/wp-json\/wp\/v2\/posts\/76744\/revisions"}],"predecessor-version":[{"id":76746,"href":"https:\/\/www.actualidadadiario.com\/index.php\/wp-json\/wp\/v2\/posts\/76744\/revisions\/76746"}],"wp:featuredmedia":[{"embeddable":true,"href":"https:\/\/www.actualidadadiario.com\/index.php\/wp-json\/wp\/v2\/media\/76745"}],"wp:attachment":[{"href":"https:\/\/www.actualidadadiario.com\/index.php\/wp-json\/wp\/v2\/media?parent=76744"}],"wp:term":[{"taxonomy":"category","embeddable":true,"href":"https:\/\/www.actualidadadiario.com\/index.php\/wp-json\/wp\/v2\/categories?post=76744"},{"taxonomy":"post_tag","embeddable":true,"href":"https:\/\/www.actualidadadiario.com\/index.php\/wp-json\/wp\/v2\/tags?post=76744"}],"curies":[{"name":"wp","href":"https:\/\/api.w.org\/{rel}","templated":true}]}}