{"id":76739,"date":"2021-08-20T13:46:21","date_gmt":"2021-08-20T16:46:21","guid":{"rendered":"https:\/\/www.actualidadadiario.com\/?p=76739"},"modified":"2021-08-20T13:46:21","modified_gmt":"2021-08-20T16:46:21","slug":"los-incendios-estan-controlados-en-cordoba-y-sin-posibilidad-de-reinicios","status":"publish","type":"post","link":"https:\/\/www.actualidadadiario.com\/index.php\/2021\/08\/20\/los-incendios-estan-controlados-en-cordoba-y-sin-posibilidad-de-reinicios\/","title":{"rendered":"Los incendios est\u00e1n controlados en C\u00f3rdoba y sin posibilidad de reinicios"},"content":{"rendered":"<p style=\"text-align: center;\"><em><strong>El Gobierno de la Provincia de C\u00f3rdoba destac\u00f3 el trabajo de los efectivos y dijo que gracias a la mejora de las condiciones clim\u00e1ticas, los focos se enfriaron y no se espera que se reactiven<\/strong><\/em><\/p>\n<p>&nbsp;<\/p>\n<p>&nbsp;<\/p>\n<p>Los dos focos de incendio que se desataron el pasado mi\u00e9rcoles en C\u00f3rdoba, ubicados en la zona entre Potrero de Garay y San Clemente, y en el sector de Intiyaco y Athos Pampa, est\u00e1n contenidos y controlados.<\/p>\n<p>As\u00ed lo inform\u00f3 el Gobierno de la Provincia de C\u00f3rdoba que destac\u00f3 que gracias al trabajo de los efectivos y a la mejora de las condiciones clim\u00e1ticas, los focos se enfriaron y no se espera que se reactiven. En tanto, se\u00f1al\u00f3 que quedar\u00e1 apostada una guardia en el lugar donde se registraron chaparrones y lloviznas debido a que el riesgo de incendio sigue siendo muy alto y es necesario extremar las medidas preventivas.<\/p>\n<p>El secretario de Gesti\u00f3n de Riesgo Clim\u00e1tico y Cat\u00e1strofes, Claudio Vignetta, sostuvo que &#8220;desde la hora 22:00 del jueves no se encontraban focos activos, tampoco se registraron reinicios y comenz\u00f3 la guardia de cenizas&#8221;. El funcionario detall\u00f3 que &#8220;esta madrugada, a las 4 de la ma\u00f1ana, hubo un chaparr\u00f3n importante de algunos minutos, y a esta hora persiste una llovizna en la zona&#8221;.<\/p>\n<p>&#8220;Eso significa que los dos per\u00edmetros van a estar fr\u00edos, no vamos a tener reinicios. De todos modos, vamos a dejar una guardia y vamos a hacer el \u00faltimo recorrido por la zona&#8221;, expres\u00f3.<\/p>\n<p>El Gobierno de la Provincia de C\u00f3rdoba dijo que gracias a estas situaciones clim\u00e1ticas y al intenso trabajo de bomberos voluntarios, ETAC y Defensa Civil, y del Plan Provincial de Manejo del Fuego, los dos per\u00edmetros est\u00e1n fr\u00edos y no se esperan reinicios.<\/p>\n<p>Pese a las r\u00e1fagas de viento, la disminuci\u00f3n en la temperatura y la presencia de nubosidad en el cielo, hacen que el riesgo de incendio haya bajado, mientras que se espera un fin de semana con condiciones propicias para el desarrollo de nuevos focos \u00edgneos, por lo que es fundamental extremar las medidas preventivas.<\/p>\n","protected":false},"excerpt":{"rendered":"<p>El Gobierno de la Provincia de C\u00f3rdoba destac\u00f3 el trabajo de los efectivos y dijo que gracias a la mejora de las condiciones clim\u00e1ticas, los focos se enfriaron y no se espera que se reactiven &nbsp; &nbsp; Los dos focos de incendio que se desataron el pasado mi\u00e9rcoles en C\u00f3rdoba, ubicados en la zona entre Potrero de Garay y San Clemente, y en el sector de Intiyaco y Athos Pampa, est\u00e1n contenidos y controlados. As\u00ed lo inform\u00f3 el Gobierno de la Provincia de C\u00f3rdoba que destac\u00f3 que gracias al trabajo&#8230;<\/p>\n","protected":false},"author":3,"featured_media":76740,"comment_status":"closed","ping_status":"closed","sticky":false,"template":"","format":"standard","meta":[],"categories":[2],"tags":[],"_links":{"self":[{"href":"https:\/\/www.actualidadadiario.com\/index.php\/wp-json\/wp\/v2\/posts\/76739"}],"collection":[{"href":"https:\/\/www.actualidadadiario.com\/index.php\/wp-json\/wp\/v2\/posts"}],"about":[{"href":"https:\/\/www.actualidadadiario.com\/index.php\/wp-json\/wp\/v2\/types\/post"}],"author":[{"embeddable":true,"href":"https:\/\/www.actualidadadiario.com\/index.php\/wp-json\/wp\/v2\/users\/3"}],"replies":[{"embeddable":true,"href":"https:\/\/www.actualidadadiario.com\/index.php\/wp-json\/wp\/v2\/comments?post=76739"}],"version-history":[{"count":1,"href":"https:\/\/www.actualidadadiario.com\/index.php\/wp-json\/wp\/v2\/posts\/76739\/revisions"}],"predecessor-version":[{"id":76741,"href":"https:\/\/www.actualidadadiario.com\/index.php\/wp-json\/wp\/v2\/posts\/76739\/revisions\/76741"}],"wp:featuredmedia":[{"embeddable":true,"href":"https:\/\/www.actualidadadiario.com\/index.php\/wp-json\/wp\/v2\/media\/76740"}],"wp:attachment":[{"href":"https:\/\/www.actualidadadiario.com\/index.php\/wp-json\/wp\/v2\/media?parent=76739"}],"wp:term":[{"taxonomy":"category","embeddable":true,"href":"https:\/\/www.actualidadadiario.com\/index.php\/wp-json\/wp\/v2\/categories?post=76739"},{"taxonomy":"post_tag","embeddable":true,"href":"https:\/\/www.actualidadadiario.com\/index.php\/wp-json\/wp\/v2\/tags?post=76739"}],"curies":[{"name":"wp","href":"https:\/\/api.w.org\/{rel}","templated":true}]}}