{"id":76737,"date":"2021-08-20T13:45:31","date_gmt":"2021-08-20T16:45:31","guid":{"rendered":"https:\/\/www.actualidadadiario.com\/?p=76737"},"modified":"2021-08-20T13:45:31","modified_gmt":"2021-08-20T16:45:31","slug":"sigue-en-aumento-la-demanda-electrica","status":"publish","type":"post","link":"https:\/\/www.actualidadadiario.com\/index.php\/2021\/08\/20\/sigue-en-aumento-la-demanda-electrica\/","title":{"rendered":"Sigue en aumento la demanda el\u00e9ctrica"},"content":{"rendered":"<p style=\"text-align: center;\"><em><strong>El consumo el\u00e9ctrico se mantuvo durante julio en niveles inferiores a registrado en el mismo mes de 2018, como consecuencia de una recuperaci\u00f3n de la demanda residencial e industrial, pero con una ca\u00edda en la comercial, seg\u00fan un informe privado<\/strong><\/em><\/p>\n<p>&nbsp;<\/p>\n<p>&nbsp;<\/p>\n<p>&#8220;Enero y julio son los meses de mayor demanda el\u00e9ctrica del pa\u00eds. Tal como sucedi\u00f3 en mayo y junio, se esperaba que el mes pasado superara su valor de 2018, de 12,6 Twh (teravatio\/hora) e impusiera un r\u00e9cord hist\u00f3rico de demanda&#8221;, explic\u00f3 la consultora RICSA.<\/p>\n<p>El comportamiento inesperado del sector residencial sumado a la situaci\u00f3n del \u00e1rea comercial son los causantes de a\u00fan tener una demanda nacional debajo del valor de julio de 2018, indic\u00f3.<\/p>\n<p>Explic\u00f3 que alcanz\u00f3 los 12,4 TWh, manteni\u00e9ndose por debajo de esta l\u00ednea, en comparaci\u00f3n con el consumo de 2018.<\/p>\n<p>El sector residencial, que represent\u00f3 el 50,5% de la demanda con 6,3 TWh, ven\u00eda teniendo crecimientos intermensuales del 26,6% y 20% para mayo y junio, respectivamente.<\/p>\n<p>&#8220;Pero este mes aument\u00f3 s\u00f3lo 3,6% respecto de junio. Si bien para este sector la demanda sobrepas\u00f3 levemente su valor de julio 2018, se mantuvo 4% por debajo del r\u00e9cord impuesto el a\u00f1o pasado&#8221;, se\u00f1al\u00f3 la consultora.<\/p>\n<p>&nbsp;<\/p>\n<p><strong>Sector comercial<\/strong><\/p>\n<p>El sector comercial, que represent\u00f3 un 24,9% de la demanda con 3,1 TWh, es el que se encuentra en la situaci\u00f3n m\u00e1s cr\u00edtica, ya que est\u00e1 6% por debajo del valor de 2018 y a diferencia de los otros rubros sigui\u00f3 en baja y aun no supera los valores de 2019.<\/p>\n<p>&#8220;La porci\u00f3n comercial logr\u00f3 apenas superar en 1% la energ\u00eda demandada de julio 2020, bastante impactada por la pandemia&#8221;, advirti\u00f3 la consultora.<\/p>\n<p>El sector industrial, que represent\u00f3 un 24,6% de la demanda con 3,1 TWh, es el m\u00e1s regular de los tres, con un valor pr\u00e1cticamente constante en los \u00faltimos 4 meses y menos de 2% por debajo del nivel de 2018.<\/p>\n<p>&#8220;La tecnolog\u00eda t\u00e9rmica sigue siendo la m\u00e1s importante del pa\u00eds, con un 63,6% del suministro. Es seguida por la generaci\u00f3n hidroel\u00e9ctrica con un 25,6%, mientras que la energ\u00eda nuclear, con 5,7%, y las renovables en conjunto, con 5,1%, terminan de completar la matriz energ\u00e9tica&#8221;, agreg\u00f3 la firma.<\/p>\n<p>Con respecto a junio, la generaci\u00f3n lleg\u00f3 a 13 TWh, mostrando un aumento del 3,6% intermensual y un 6,1% interanual.<\/p>\n<p>La generaci\u00f3n de energ\u00eda t\u00e9rmica creci\u00f3 2%; la hidroel\u00e9ctrica aument\u00f3 2,3% y la nuclear 3,5%, mientras que las renovables fueron las que m\u00e1s aumentaron un 15% interanual.<\/p>\n<p>&#8220;Haciendo foco en las energ\u00edas renovables, la e\u00f3lica represent\u00f3 un 80,1% de la generaci\u00f3n renovable del pa\u00eds. En segundo lugar, la solar con un 8,7%, seguido con la energ\u00eda por biomasa, con un 4,21%; la minihidro, con un 4%; y por \u00faltimo el biog\u00e1s con 2,3%&#8221;, indic\u00f3 el estudio.<\/p>\n","protected":false},"excerpt":{"rendered":"<p>El consumo el\u00e9ctrico se mantuvo durante julio en niveles inferiores a registrado en el mismo mes de 2018, como consecuencia de una recuperaci\u00f3n de la demanda residencial e industrial, pero con una ca\u00edda en la comercial, seg\u00fan un informe privado &nbsp; &nbsp; &#8220;Enero y julio son los meses de mayor demanda el\u00e9ctrica del pa\u00eds. Tal como sucedi\u00f3 en mayo y junio, se esperaba que el mes pasado superara su valor de 2018, de 12,6 Twh (teravatio\/hora) e impusiera un r\u00e9cord hist\u00f3rico de demanda&#8221;, explic\u00f3 la consultora RICSA. El comportamiento inesperado&#8230;<\/p>\n","protected":false},"author":3,"featured_media":76056,"comment_status":"closed","ping_status":"closed","sticky":false,"template":"","format":"standard","meta":[],"categories":[2],"tags":[],"_links":{"self":[{"href":"https:\/\/www.actualidadadiario.com\/index.php\/wp-json\/wp\/v2\/posts\/76737"}],"collection":[{"href":"https:\/\/www.actualidadadiario.com\/index.php\/wp-json\/wp\/v2\/posts"}],"about":[{"href":"https:\/\/www.actualidadadiario.com\/index.php\/wp-json\/wp\/v2\/types\/post"}],"author":[{"embeddable":true,"href":"https:\/\/www.actualidadadiario.com\/index.php\/wp-json\/wp\/v2\/users\/3"}],"replies":[{"embeddable":true,"href":"https:\/\/www.actualidadadiario.com\/index.php\/wp-json\/wp\/v2\/comments?post=76737"}],"version-history":[{"count":1,"href":"https:\/\/www.actualidadadiario.com\/index.php\/wp-json\/wp\/v2\/posts\/76737\/revisions"}],"predecessor-version":[{"id":76738,"href":"https:\/\/www.actualidadadiario.com\/index.php\/wp-json\/wp\/v2\/posts\/76737\/revisions\/76738"}],"wp:featuredmedia":[{"embeddable":true,"href":"https:\/\/www.actualidadadiario.com\/index.php\/wp-json\/wp\/v2\/media\/76056"}],"wp:attachment":[{"href":"https:\/\/www.actualidadadiario.com\/index.php\/wp-json\/wp\/v2\/media?parent=76737"}],"wp:term":[{"taxonomy":"category","embeddable":true,"href":"https:\/\/www.actualidadadiario.com\/index.php\/wp-json\/wp\/v2\/categories?post=76737"},{"taxonomy":"post_tag","embeddable":true,"href":"https:\/\/www.actualidadadiario.com\/index.php\/wp-json\/wp\/v2\/tags?post=76737"}],"curies":[{"name":"wp","href":"https:\/\/api.w.org\/{rel}","templated":true}]}}