{"id":76722,"date":"2021-08-20T13:40:19","date_gmt":"2021-08-20T16:40:19","guid":{"rendered":"https:\/\/www.actualidadadiario.com\/?p=76722"},"modified":"2021-08-20T13:40:19","modified_gmt":"2021-08-20T16:40:19","slug":"autoridades-de-salud-brindaran-un-nuevo-informe-sobre-la-situacion-epidemiologica-en-entre-rios","status":"publish","type":"post","link":"https:\/\/www.actualidadadiario.com\/index.php\/2021\/08\/20\/autoridades-de-salud-brindaran-un-nuevo-informe-sobre-la-situacion-epidemiologica-en-entre-rios\/","title":{"rendered":"Autoridades de Salud brindar\u00e1n un nuevo informe sobre la situaci\u00f3n epidemiol\u00f3gica en Entre R\u00edos"},"content":{"rendered":"<p style=\"text-align: center;\"><em><strong>Este viernes a partir de las 13:10 funcionarios del Ministerio de Salud de la provincia informar\u00e1n acerca de la evoluci\u00f3n del Plan Rector de Vacunaci\u00f3n contra el Covid-19 y situaci\u00f3n epidemiol\u00f3gica actual<\/strong><\/em><\/p>\n<p>&nbsp;<\/p>\n<p>&nbsp;<\/p>\n<p>En esta oportunidad estar\u00e1n presentes la secretaria de Salud, Carina Reh, y el director general de Epidemiolog\u00eda, Diego Garcilazo.<\/p>\n<p>La presentaci\u00f3n se transmitir\u00e1 en vivo v\u00eda streaming.<\/p>\n","protected":false},"excerpt":{"rendered":"<p>Este viernes a partir de las 13:10 funcionarios del Ministerio de Salud de la provincia informar\u00e1n acerca de la evoluci\u00f3n del Plan Rector de Vacunaci\u00f3n contra el Covid-19 y situaci\u00f3n epidemiol\u00f3gica actual &nbsp; &nbsp; En esta oportunidad estar\u00e1n presentes la secretaria de Salud, Carina Reh, y el director general de Epidemiolog\u00eda, Diego Garcilazo. La presentaci\u00f3n se transmitir\u00e1 en vivo v\u00eda streaming.<\/p>\n","protected":false},"author":3,"featured_media":76723,"comment_status":"closed","ping_status":"closed","sticky":false,"template":"","format":"standard","meta":[],"categories":[9,15],"tags":[],"_links":{"self":[{"href":"https:\/\/www.actualidadadiario.com\/index.php\/wp-json\/wp\/v2\/posts\/76722"}],"collection":[{"href":"https:\/\/www.actualidadadiario.com\/index.php\/wp-json\/wp\/v2\/posts"}],"about":[{"href":"https:\/\/www.actualidadadiario.com\/index.php\/wp-json\/wp\/v2\/types\/post"}],"author":[{"embeddable":true,"href":"https:\/\/www.actualidadadiario.com\/index.php\/wp-json\/wp\/v2\/users\/3"}],"replies":[{"embeddable":true,"href":"https:\/\/www.actualidadadiario.com\/index.php\/wp-json\/wp\/v2\/comments?post=76722"}],"version-history":[{"count":1,"href":"https:\/\/www.actualidadadiario.com\/index.php\/wp-json\/wp\/v2\/posts\/76722\/revisions"}],"predecessor-version":[{"id":76724,"href":"https:\/\/www.actualidadadiario.com\/index.php\/wp-json\/wp\/v2\/posts\/76722\/revisions\/76724"}],"wp:featuredmedia":[{"embeddable":true,"href":"https:\/\/www.actualidadadiario.com\/index.php\/wp-json\/wp\/v2\/media\/76723"}],"wp:attachment":[{"href":"https:\/\/www.actualidadadiario.com\/index.php\/wp-json\/wp\/v2\/media?parent=76722"}],"wp:term":[{"taxonomy":"category","embeddable":true,"href":"https:\/\/www.actualidadadiario.com\/index.php\/wp-json\/wp\/v2\/categories?post=76722"},{"taxonomy":"post_tag","embeddable":true,"href":"https:\/\/www.actualidadadiario.com\/index.php\/wp-json\/wp\/v2\/tags?post=76722"}],"curies":[{"name":"wp","href":"https:\/\/api.w.org\/{rel}","templated":true}]}}