{"id":76719,"date":"2021-08-20T13:39:23","date_gmt":"2021-08-20T16:39:23","guid":{"rendered":"https:\/\/www.actualidadadiario.com\/?p=76719"},"modified":"2021-08-20T13:39:23","modified_gmt":"2021-08-20T16:39:23","slug":"nueva-oficina-del-tribunal-de-cuentas-en-la-secretaria-general-de-la-gobernacion","status":"publish","type":"post","link":"https:\/\/www.actualidadadiario.com\/index.php\/2021\/08\/20\/nueva-oficina-del-tribunal-de-cuentas-en-la-secretaria-general-de-la-gobernacion\/","title":{"rendered":"Nueva oficina del Tribunal de Cuentas en la Secretar\u00eda General de la Gobernaci\u00f3n"},"content":{"rendered":"<p style=\"text-align: center;\"><em><strong>Autoridades del Tribunal de Cuentas de Entre R\u00edos y el secretario General de la Gobernaci\u00f3n mantuvieron un encuentro con el objetivo de establecer determinadas pautas de trabajo que permitan fortalecer el control, coordinando acciones para lograr mayor eficacia y eficiencia a la hora de controlar las cuentas p\u00fablicas. Adem\u00e1s, los funcionarios visitaron la nueva oficina de auditor\u00eda externa en la Secretar\u00eda General de la Gobernaci\u00f3n<\/strong><\/em><\/p>\n<p>&nbsp;<\/p>\n<p>&nbsp;<\/p>\n<p>El presidente del Tribunal de Cuentas, Dr. Diego Lucio Nicol\u00e1s Lara; y la vocal del TCER, Cra. Mar\u00eda de los \u00c1ngeles Moia; mantuvieron un encuentro de trabajo con el secretario General de la Gobernaci\u00f3n, Franco Ferrari. Los funcionarios provinciales coordinaron acciones tendientes a fortalecer el trabajo conjunto, adem\u00e1s de aprovechar para visitar y conocer la nueva oficina de auditor\u00eda externa del organismo que funciona en Casa de Gobierno.<\/p>\n<p>Durante la reuni\u00f3n se acordaron determinados criterios de trabajo que permitir\u00e1n fortalecer el accionar del Tribunal de Cuentas. Para esto, el organismo de control y la Escriban\u00eda Mayor de Gobierno, coordinar\u00e1n acciones que ayuden a lograr una mayor eficacia y eficiencia a la hora de controlar las cuentas p\u00fablicas.<\/p>\n<p>Todo esto con el objetivo de continuar fortaleciendo el control p\u00fablico, en el entendimiento de que velar por el correcto funcionamiento de las instituciones nos permite garantizar un manejo de fondos transparente y eficaz.<\/p>\n<p>Tambi\u00e9n participaron del encuentro la secretaria de Vocal\u00eda N\u00b0 2 del TCER, Cra. Daniela Mariani; y la subsecretaria de Gesti\u00f3n Administrativa de la Gobernaci\u00f3n, Cra. Silvia Acevedo.<\/p>\n<p>&nbsp;<\/p>\n<p><strong>Nueva oficina de auditor\u00eda del TCER<\/strong><\/p>\n<p>En el marco de las visitas que las autoridades del Tribunal de Cuentas vienen realizando a los auditores que el principal \u00f3rgano de control externo de la administraci\u00f3n p\u00fablica entrerriana tiene en distintas dependencias; el presidente del TCER, Dr. Diego Lucio Nicol\u00e1s Lara; y la vocal, Cra. Mar\u00eda de los \u00c1ngeles Moia; acompa\u00f1ados por el secretario General de la Gobernaci\u00f3n, Franco Ferrari; conocieron la nueva oficina destinada a los integrantes del equipo de auditor\u00eda permanente del \u00f3rgano de control en la Secretar\u00eda General de la Gobernaci\u00f3n.<\/p>\n<p>\u201cAgradecemos la especial predisposici\u00f3n del secretario General de la Gobernaci\u00f3n y de todo su equipo de trabajo, por brindarnos un nuevo espacio para que nuestros auditores puedan realizar su trabajo en un lugar acorde a las demandas diarias\u201d, expres\u00f3 Diego Lara, al tiempo que tambi\u00e9n aprovech\u00f3 para agradecer al gobernador de la provincia, Cr. Gustavo Bordet, por la pronta disposici\u00f3n de esta oficina en el coraz\u00f3n de la Casa de Gobierno.<\/p>\n<p>Por su parte, el secretario General de la Gobernaci\u00f3n, Franco Ferrari; se\u00f1al\u00f3 &#8220;luego de las gestiones realizadas por el Tribunal de Cuentas y la Secretar\u00eda General de la Gobernaci\u00f3n, se ha dispuesto la asignaci\u00f3n de un espacio f\u00edsico para el funcionamiento de una delegaci\u00f3n del organismo de control, con el objetivo de mantener una estrecha colaboraci\u00f3n y poder facilitarle a sus auditores la informaci\u00f3n que necesitan para llevar adelante su trabajo de contralor de las cuentas p\u00fablicas&#8221;.<\/p>\n<p>&#8220;En este marco, y junto con las autoridades del Tribunal, hemos puesto en funcionamiento la nueva oficina, contribuyendo al trabajo diario y mancomunado entre el ejecutivo provincial y el \u00f3rgano de control. Todo ello en pos de la mejora constante con participaci\u00f3n de las \u00e1reas administrativas contables; valorando como eje principal el trabajo en equipo para la mejor transparencia de la gesti\u00f3n&#8221; agreg\u00f3 el secretario General de la Gobernaci\u00f3n.<\/p>\n","protected":false},"excerpt":{"rendered":"<p>Autoridades del Tribunal de Cuentas de Entre R\u00edos y el secretario General de la Gobernaci\u00f3n mantuvieron un encuentro con el objetivo de establecer determinadas pautas de trabajo que permitan fortalecer el control, coordinando acciones para lograr mayor eficacia y eficiencia a la hora de controlar las cuentas p\u00fablicas. Adem\u00e1s, los funcionarios visitaron la nueva oficina de auditor\u00eda externa en la Secretar\u00eda General de la Gobernaci\u00f3n &nbsp; &nbsp; El presidente del Tribunal de Cuentas, Dr. Diego Lucio Nicol\u00e1s Lara; y la vocal del TCER, Cra. Mar\u00eda de los \u00c1ngeles Moia; mantuvieron&#8230;<\/p>\n","protected":false},"author":3,"featured_media":76720,"comment_status":"closed","ping_status":"closed","sticky":false,"template":"","format":"standard","meta":[],"categories":[15],"tags":[],"_links":{"self":[{"href":"https:\/\/www.actualidadadiario.com\/index.php\/wp-json\/wp\/v2\/posts\/76719"}],"collection":[{"href":"https:\/\/www.actualidadadiario.com\/index.php\/wp-json\/wp\/v2\/posts"}],"about":[{"href":"https:\/\/www.actualidadadiario.com\/index.php\/wp-json\/wp\/v2\/types\/post"}],"author":[{"embeddable":true,"href":"https:\/\/www.actualidadadiario.com\/index.php\/wp-json\/wp\/v2\/users\/3"}],"replies":[{"embeddable":true,"href":"https:\/\/www.actualidadadiario.com\/index.php\/wp-json\/wp\/v2\/comments?post=76719"}],"version-history":[{"count":1,"href":"https:\/\/www.actualidadadiario.com\/index.php\/wp-json\/wp\/v2\/posts\/76719\/revisions"}],"predecessor-version":[{"id":76721,"href":"https:\/\/www.actualidadadiario.com\/index.php\/wp-json\/wp\/v2\/posts\/76719\/revisions\/76721"}],"wp:featuredmedia":[{"embeddable":true,"href":"https:\/\/www.actualidadadiario.com\/index.php\/wp-json\/wp\/v2\/media\/76720"}],"wp:attachment":[{"href":"https:\/\/www.actualidadadiario.com\/index.php\/wp-json\/wp\/v2\/media?parent=76719"}],"wp:term":[{"taxonomy":"category","embeddable":true,"href":"https:\/\/www.actualidadadiario.com\/index.php\/wp-json\/wp\/v2\/categories?post=76719"},{"taxonomy":"post_tag","embeddable":true,"href":"https:\/\/www.actualidadadiario.com\/index.php\/wp-json\/wp\/v2\/tags?post=76719"}],"curies":[{"name":"wp","href":"https:\/\/api.w.org\/{rel}","templated":true}]}}