{"id":76713,"date":"2021-08-20T13:37:31","date_gmt":"2021-08-20T16:37:31","guid":{"rendered":"https:\/\/www.actualidadadiario.com\/?p=76713"},"modified":"2021-08-20T13:37:31","modified_gmt":"2021-08-20T16:37:31","slug":"se-terminan-las-burbujas-y-vamos-a-tener-a-todos-los-alumnos-en-el-aula-anticiparon-desde-el-cge","status":"publish","type":"post","link":"https:\/\/www.actualidadadiario.com\/index.php\/2021\/08\/20\/se-terminan-las-burbujas-y-vamos-a-tener-a-todos-los-alumnos-en-el-aula-anticiparon-desde-el-cge\/","title":{"rendered":"Se terminan las burbujas y \u201cvamos a tener a todos los alumnos en el aula\u201d, anticiparon desde el CGE"},"content":{"rendered":"<p style=\"text-align: center;\"><em><strong>Humberto Javier Jos\u00e9, vocal del Consejo del Educaci\u00f3n, confirm\u00f3 que desde el pr\u00f3ximo lunes 30 de agosto se termina el sistema de burbujas para el dictado de las clases presenciales en Entre R\u00edos y que a partir de ese momento todos los alumnos volver\u00e1n a compartir el aula. La medida ya hab\u00eda sido anticipada a los gremios de la educaci\u00f3n, consign\u00f3<\/strong><\/em><\/p>\n<p>&nbsp;<\/p>\n<p>&nbsp;<\/p>\n<p>El funcionario record\u00f3 que el jueves el gobernador Gustavo Bordet hizo el anuncio de que el 30 de agosto volver\u00e1 a las escuelas entrerrianas la presencialidad plena sin burbujas lo que implicar\u00e1 \u201ctener a todos los alumnos en el aula\u201d.<\/p>\n<p>\u201cEs una cuesti\u00f3n que ven\u00edamos estudiando. Incluso en la paritaria de condiciones laborales con los sindicatos docentes charlamos estos temas y adelantando algunos puntos. Ahora, esta definici\u00f3n pol\u00edtica del Gobernador, nos permite avanzar. Esto es un proceso que requerir\u00e1 adecuar determinados par\u00e1metros como los espacios f\u00edsicos y nuevos protocolos para poder trabajar. Hay consideraciones nuevas que tendremos que hacer\u201d, explic\u00f3 en declaraciones al programa \u201cBuen D\u00eda\u201d (FM Litoral).<\/p>\n<p>Dos de esos puntos a reajustar son el transporte escolar y el servicio de comedores y copa de leche, puntualiz\u00f3.<\/p>\n<p>\u201cEs una tarea fuerte. Hacia el interior de la escuela es una planificaci\u00f3n nueva. La escuela que tenemos hoy no es la misma que ten\u00edamos antes del 20 de marzo del 2020. Tiene nuevos criterios, nuevos planteos de regularidad de trabajo y pedag\u00f3gicos\u201d, a\u00f1adi\u00f3 Jos\u00e9.<\/p>\n<p>Con respecto a las burbujas, anticip\u00f3: \u201cLa vacunaci\u00f3n ha ido avanzando fuertemente. Esto nos habilita a ampliar las burbujas, que eran grupos de alumnos que ahora estar\u00e1n m\u00e1s concentrados. Esto conlleva una estrategia y una operaci\u00f3n de trabajo que la escuela debe darse hacia el interior\u201d.<\/p>\n","protected":false},"excerpt":{"rendered":"<p>Humberto Javier Jos\u00e9, vocal del Consejo del Educaci\u00f3n, confirm\u00f3 que desde el pr\u00f3ximo lunes 30 de agosto se termina el sistema de burbujas para el dictado de las clases presenciales en Entre R\u00edos y que a partir de ese momento todos los alumnos volver\u00e1n a compartir el aula. La medida ya hab\u00eda sido anticipada a los gremios de la educaci\u00f3n, consign\u00f3 &nbsp; &nbsp; El funcionario record\u00f3 que el jueves el gobernador Gustavo Bordet hizo el anuncio de que el 30 de agosto volver\u00e1 a las escuelas entrerrianas la presencialidad plena&#8230;<\/p>\n","protected":false},"author":3,"featured_media":76714,"comment_status":"closed","ping_status":"closed","sticky":false,"template":"","format":"standard","meta":[],"categories":[9,15],"tags":[],"_links":{"self":[{"href":"https:\/\/www.actualidadadiario.com\/index.php\/wp-json\/wp\/v2\/posts\/76713"}],"collection":[{"href":"https:\/\/www.actualidadadiario.com\/index.php\/wp-json\/wp\/v2\/posts"}],"about":[{"href":"https:\/\/www.actualidadadiario.com\/index.php\/wp-json\/wp\/v2\/types\/post"}],"author":[{"embeddable":true,"href":"https:\/\/www.actualidadadiario.com\/index.php\/wp-json\/wp\/v2\/users\/3"}],"replies":[{"embeddable":true,"href":"https:\/\/www.actualidadadiario.com\/index.php\/wp-json\/wp\/v2\/comments?post=76713"}],"version-history":[{"count":1,"href":"https:\/\/www.actualidadadiario.com\/index.php\/wp-json\/wp\/v2\/posts\/76713\/revisions"}],"predecessor-version":[{"id":76715,"href":"https:\/\/www.actualidadadiario.com\/index.php\/wp-json\/wp\/v2\/posts\/76713\/revisions\/76715"}],"wp:featuredmedia":[{"embeddable":true,"href":"https:\/\/www.actualidadadiario.com\/index.php\/wp-json\/wp\/v2\/media\/76714"}],"wp:attachment":[{"href":"https:\/\/www.actualidadadiario.com\/index.php\/wp-json\/wp\/v2\/media?parent=76713"}],"wp:term":[{"taxonomy":"category","embeddable":true,"href":"https:\/\/www.actualidadadiario.com\/index.php\/wp-json\/wp\/v2\/categories?post=76713"},{"taxonomy":"post_tag","embeddable":true,"href":"https:\/\/www.actualidadadiario.com\/index.php\/wp-json\/wp\/v2\/tags?post=76713"}],"curies":[{"name":"wp","href":"https:\/\/api.w.org\/{rel}","templated":true}]}}