{"id":76711,"date":"2021-08-20T13:36:42","date_gmt":"2021-08-20T16:36:42","guid":{"rendered":"https:\/\/www.actualidadadiario.com\/?p=76711"},"modified":"2021-08-20T13:36:42","modified_gmt":"2021-08-20T16:36:42","slug":"diputados-seguira-analizando-la-reforma-de-la-ley-de-municipios","status":"publish","type":"post","link":"https:\/\/www.actualidadadiario.com\/index.php\/2021\/08\/20\/diputados-seguira-analizando-la-reforma-de-la-ley-de-municipios\/","title":{"rendered":"Diputados seguir\u00e1 analizando la reforma de la Ley de Municipios"},"content":{"rendered":"<p style=\"text-align: center;\"><em><strong>El proyecto continuar\u00e1 siendo analizado el mi\u00e9rcoles por la Comisi\u00f3n de Asuntos Municipales y Comunales de la C\u00e1mara de Diputados de Entre R\u00edos. Se apunta a incorporar varias cuestiones que no fueron tenidas en cuenta hace 10 a\u00f1os, cuando la norma entr\u00f3 en vigencia: g\u00e9nero y paridad, entre otras<\/strong><\/em><\/p>\n<p>&nbsp;<\/p>\n<p>&nbsp;<\/p>\n<p>La reuni\u00f3n de la comisi\u00f3n que preside el diputado Leonardo Silva (PJ-Frente Creer) ser\u00e1 el mi\u00e9rcoles a las 10 y tiene como fin continuar con el an\u00e1lisis de la reforma integral de la Ley N 10.027 (Ley Org\u00e1nica de Municipios).<\/p>\n<p>D\u00edas atr\u00e1s el legislador dijo que la modificaci\u00f3n se trata de \u201cun trabajo que abarca distintos aspectos que no fueron tenidos en cuenta oportunamente o que, cuando se redact\u00f3 la ley, no estaban en la preocupaci\u00f3n del legislador o de los municipios, como lo es el tema ambiental, de paridad y de g\u00e9nero\u201d.<\/p>\n<p>Tambi\u00e9n dijo que la territorialidad y la conformaci\u00f3n de los ejidos municipales son uno de los aspectos centrales de la reforma.<\/p>\n","protected":false},"excerpt":{"rendered":"<p>El proyecto continuar\u00e1 siendo analizado el mi\u00e9rcoles por la Comisi\u00f3n de Asuntos Municipales y Comunales de la C\u00e1mara de Diputados de Entre R\u00edos. Se apunta a incorporar varias cuestiones que no fueron tenidas en cuenta hace 10 a\u00f1os, cuando la norma entr\u00f3 en vigencia: g\u00e9nero y paridad, entre otras &nbsp; &nbsp; La reuni\u00f3n de la comisi\u00f3n que preside el diputado Leonardo Silva (PJ-Frente Creer) ser\u00e1 el mi\u00e9rcoles a las 10 y tiene como fin continuar con el an\u00e1lisis de la reforma integral de la Ley N 10.027 (Ley Org\u00e1nica de&#8230;<\/p>\n","protected":false},"author":3,"featured_media":68531,"comment_status":"closed","ping_status":"closed","sticky":false,"template":"","format":"standard","meta":[],"categories":[15],"tags":[],"_links":{"self":[{"href":"https:\/\/www.actualidadadiario.com\/index.php\/wp-json\/wp\/v2\/posts\/76711"}],"collection":[{"href":"https:\/\/www.actualidadadiario.com\/index.php\/wp-json\/wp\/v2\/posts"}],"about":[{"href":"https:\/\/www.actualidadadiario.com\/index.php\/wp-json\/wp\/v2\/types\/post"}],"author":[{"embeddable":true,"href":"https:\/\/www.actualidadadiario.com\/index.php\/wp-json\/wp\/v2\/users\/3"}],"replies":[{"embeddable":true,"href":"https:\/\/www.actualidadadiario.com\/index.php\/wp-json\/wp\/v2\/comments?post=76711"}],"version-history":[{"count":1,"href":"https:\/\/www.actualidadadiario.com\/index.php\/wp-json\/wp\/v2\/posts\/76711\/revisions"}],"predecessor-version":[{"id":76712,"href":"https:\/\/www.actualidadadiario.com\/index.php\/wp-json\/wp\/v2\/posts\/76711\/revisions\/76712"}],"wp:featuredmedia":[{"embeddable":true,"href":"https:\/\/www.actualidadadiario.com\/index.php\/wp-json\/wp\/v2\/media\/68531"}],"wp:attachment":[{"href":"https:\/\/www.actualidadadiario.com\/index.php\/wp-json\/wp\/v2\/media?parent=76711"}],"wp:term":[{"taxonomy":"category","embeddable":true,"href":"https:\/\/www.actualidadadiario.com\/index.php\/wp-json\/wp\/v2\/categories?post=76711"},{"taxonomy":"post_tag","embeddable":true,"href":"https:\/\/www.actualidadadiario.com\/index.php\/wp-json\/wp\/v2\/tags?post=76711"}],"curies":[{"name":"wp","href":"https:\/\/api.w.org\/{rel}","templated":true}]}}