{"id":76708,"date":"2021-08-20T13:35:51","date_gmt":"2021-08-20T16:35:51","guid":{"rendered":"https:\/\/www.actualidadadiario.com\/?p=76708"},"modified":"2021-08-20T13:35:51","modified_gmt":"2021-08-20T16:35:51","slug":"se-inauguro-el-primer-centro-de-almacenamiento-de-envases-fitosanitarios-de-la-provincia","status":"publish","type":"post","link":"https:\/\/www.actualidadadiario.com\/index.php\/2021\/08\/20\/se-inauguro-el-primer-centro-de-almacenamiento-de-envases-fitosanitarios-de-la-provincia\/","title":{"rendered":"Se inaugur\u00f3 el primer centro de almacenamiento de envases fitosanitarios de la provincia"},"content":{"rendered":"<p style=\"text-align: center;\"><em><strong>Este jueves, se llev\u00f3 a cabo la inauguraci\u00f3n del primer Centro de Almacenamiento Transitorio de Envases vac\u00edos de fitosanitarios en la provincia de Entre R\u00edos. El predio est\u00e1 ubicado en Colonia La Gloria, Departamento Federaci\u00f3n<\/strong><\/em><\/p>\n<p>&nbsp;<\/p>\n<p>&nbsp;<\/p>\n<p>Participaron autoridades nacionales, provinciales y locales, adem\u00e1s de representantes de organizaciones de productores y referentes de la organizaci\u00f3n Campo Limpio.<\/p>\n<p>El Director de Producci\u00f3n y Ambiente Municipal, Daniel Ben\u00edtez, resalt\u00f3 que este ser\u00e1 un espacio fundamental para brindar soluciones al sector productivo de la zona y manifest\u00f3: \u201cEsto te colma de sensaciones y alegr\u00eda porque ve las caras de los que fuimos participe en gran medida de esto que se genera, que despu\u00e9s de tanto trabajo se logra y que es un beneficio para todos, para nuestro ambiente, para el cuidado de nuestra tierra, el cuidado de la salud de las personas. Siempre decimos que la producci\u00f3n y el ambiente no son contradictorios, tienen que aprender a convivir y uno tiene que ser generador de empleo pero no puede atentar contra el ambiente\u201d.<\/p>\n<p>\u201cEn este proyecto hemos logrado participar a naci\u00f3n, provincia, municipio, asociaciones intermedias y las comunas, esto es un beneficio que engloba a 60 km alrededor de este centro de acopio\u201d.<\/p>\n<p>\u201cLa producci\u00f3n no siempre es limpia y puede haber un riesgo, pero cuando uno reconoce estos riesgos y los puede sobrellevar, se generan estos espacios, en este caso los productores citr\u00edcolas, los del arroz, del algod\u00f3n, generan de alguna manera trastornos y que no supieron durante a\u00f1os como solucionarlos, a partir de generar estos lugares pueden tambi\u00e9n ellos, certificar sus actividades, porque esto vas m\u00e1s all\u00e1 de ser una soluci\u00f3n para el ambiente, es una soluci\u00f3n a la producci\u00f3n en cuanto a las certificaciones, poder decir que sus producciones, sus frutas, no producen da\u00f1os y pueden ser compradas con mejores beneficios\u201d.<\/p>\n<p>\u201cQue sea la el primer centro de la provincia nos tiene que llenar de orgullo a todos los federaenses, porque realmente uno, como gesti\u00f3n, entr\u00f3 con una impronta diferente y a pesar del a\u00f1o y medio de pandemia y el impacto, con esta intendencia hemos logrado llevar adelante el primer centro de acopio, con las mejores condiciones y habilitados con todas las normativas vigentes\u201d.<\/p>\n<p>Durante el acto de inauguraci\u00f3n, la Vice intendenta Corina Rollano destac\u00f3 la importancia de este Centro y dijo: \u201cEs una jornada de celebraci\u00f3n, porque tiene que ver con el cuidado de la casa com\u00fan, el Papa Francisco nos pide el cuidado de la casa com\u00fan, esto es un trabajo colectivo, asociativo y cooperativo, como maestra pensaba, que este tambi\u00e9n es un espacio de aprendizaje, donde las escuelas podr\u00e1n venir con los ni\u00f1os a recorrer, porque es important\u00edsimo esto que est\u00e1 pasando hoy ac\u00e1 en Federaci\u00f3n. Estos recipientes, que contaminan porque antes se quemaban, ahora van a tener otro cuidado y otro tratamiento. En el Concejo Deliberante todos entendemos que el cuidado de la casa com\u00fan y del ambiente es prioritario para que podamos seguir viviendo y habitando nuestro planeta. Esto da cuenta del trabajo articulado de todos los actores, el estado municipal, el provincial y el nacional, la fundaci\u00f3n de campo limpio, y estas son pol\u00edticas de estado que cuidan y que protegen, porque que estos cambios importantes ocurran en nuestro distrito es muy importante\u201d.<\/p>\n","protected":false},"excerpt":{"rendered":"<p>Este jueves, se llev\u00f3 a cabo la inauguraci\u00f3n del primer Centro de Almacenamiento Transitorio de Envases vac\u00edos de fitosanitarios en la provincia de Entre R\u00edos. El predio est\u00e1 ubicado en Colonia La Gloria, Departamento Federaci\u00f3n &nbsp; &nbsp; Participaron autoridades nacionales, provinciales y locales, adem\u00e1s de representantes de organizaciones de productores y referentes de la organizaci\u00f3n Campo Limpio. El Director de Producci\u00f3n y Ambiente Municipal, Daniel Ben\u00edtez, resalt\u00f3 que este ser\u00e1 un espacio fundamental para brindar soluciones al sector productivo de la zona y manifest\u00f3: \u201cEsto te colma de sensaciones y&#8230;<\/p>\n","protected":false},"author":3,"featured_media":76709,"comment_status":"closed","ping_status":"closed","sticky":false,"template":"","format":"standard","meta":[],"categories":[15],"tags":[],"_links":{"self":[{"href":"https:\/\/www.actualidadadiario.com\/index.php\/wp-json\/wp\/v2\/posts\/76708"}],"collection":[{"href":"https:\/\/www.actualidadadiario.com\/index.php\/wp-json\/wp\/v2\/posts"}],"about":[{"href":"https:\/\/www.actualidadadiario.com\/index.php\/wp-json\/wp\/v2\/types\/post"}],"author":[{"embeddable":true,"href":"https:\/\/www.actualidadadiario.com\/index.php\/wp-json\/wp\/v2\/users\/3"}],"replies":[{"embeddable":true,"href":"https:\/\/www.actualidadadiario.com\/index.php\/wp-json\/wp\/v2\/comments?post=76708"}],"version-history":[{"count":1,"href":"https:\/\/www.actualidadadiario.com\/index.php\/wp-json\/wp\/v2\/posts\/76708\/revisions"}],"predecessor-version":[{"id":76710,"href":"https:\/\/www.actualidadadiario.com\/index.php\/wp-json\/wp\/v2\/posts\/76708\/revisions\/76710"}],"wp:featuredmedia":[{"embeddable":true,"href":"https:\/\/www.actualidadadiario.com\/index.php\/wp-json\/wp\/v2\/media\/76709"}],"wp:attachment":[{"href":"https:\/\/www.actualidadadiario.com\/index.php\/wp-json\/wp\/v2\/media?parent=76708"}],"wp:term":[{"taxonomy":"category","embeddable":true,"href":"https:\/\/www.actualidadadiario.com\/index.php\/wp-json\/wp\/v2\/categories?post=76708"},{"taxonomy":"post_tag","embeddable":true,"href":"https:\/\/www.actualidadadiario.com\/index.php\/wp-json\/wp\/v2\/tags?post=76708"}],"curies":[{"name":"wp","href":"https:\/\/api.w.org\/{rel}","templated":true}]}}