{"id":76692,"date":"2021-08-19T15:52:10","date_gmt":"2021-08-19T18:52:10","guid":{"rendered":"https:\/\/www.actualidadadiario.com\/?p=76692"},"modified":"2021-08-19T15:52:10","modified_gmt":"2021-08-19T18:52:10","slug":"la-expresidenta-de-facto-de-bolivia-podria-ser-condenada-a-30-anos-de-carcel","status":"publish","type":"post","link":"https:\/\/www.actualidadadiario.com\/index.php\/2021\/08\/19\/la-expresidenta-de-facto-de-bolivia-podria-ser-condenada-a-30-anos-de-carcel\/","title":{"rendered":"La expresidenta de facto de Bolivia podr\u00eda ser condenada a 30 a\u00f1os de c\u00e1rcel"},"content":{"rendered":"<p style=\"text-align: center;\"><em><strong>Es la pena m\u00e1xima establecida por la ley boliviana para delitos de lesa humanidad. Jeanine \u00c1\u00f1ez est\u00e1 acusada por matanzas en Sacaba, Cochabamba y Senkata, adem\u00e1s de sedici\u00f3n y violaci\u00f3n de la Constituci\u00f3n<\/strong><\/em><\/p>\n<p>&nbsp;<\/p>\n<p>&nbsp;<\/p>\n<p>La expresidenta de facto Jeanine \u00c1\u00f1ez (2019-2020) podr\u00eda recibir la pena m\u00e1xima de 30 a\u00f1os de c\u00e1rcel por delitos de lesa humanidad cometidos en el marco del golpe de Estado que derroc\u00f3 al mandatario Evo Morales, revel\u00f3 hoy el Gobierno boliviano a trav\u00e9s del canciller Rogelio Mayta.<\/p>\n<p>\u201cEn relaci\u00f3n a las penas, hay que ser claros, se est\u00e1 ante delitos de lesa humanidad, los mismos tienen la m\u00e1xima sanci\u00f3n. El Estatuto de Roma establece que un hecho como la masacre, las ejecuciones extrajudiciales, merecen 30 a\u00f1os y por la investigaci\u00f3n que se tiene y se la califica como autora de los delitos de lesa humanidad, \u00c1\u00f1ez podr\u00eda ser pasible a 30 a\u00f1os\u201d de prisi\u00f3n, estim\u00f3 el canciller.<\/p>\n<p>Por su parte, el Grupo Interdisciplinario de Expertos Independientes (GIEI) de la Comisi\u00f3n Interamericana de Derechos Humanos (CIDH) present\u00f3 su informe sobre la crisis pol\u00edtica iniciada en 2019 y calific\u00f3 de masacres a operaciones militares y policiales ordenadas por el Ejecutivo transitorio de \u00c1\u00f1ez, que dejaron decenas de civiles muertos y numerosos heridos.<\/p>\n<p>Mayta se\u00f1al\u00f3 que ese informe establece de \u201cforma clara\u201d que en Sacaba, Cochabamba y Senkata (El Alto) \u201cse perpetraron ejecuciones extrajudiciales y se cometieron delitos de lesa humanidad, al asesinar a connacionales, realizar un proceso de persecuci\u00f3n, detenciones ilegales y torturas por parte del Estado\u201d. Actualmente, \u00c1\u00f1ez enfrenta otros procesos como el rompimiento constitucional, sedici\u00f3n y violaci\u00f3n de la Constituci\u00f3n.<\/p>\n<p>\u201cEl de las violaciones de derechos humanos deber\u00eda ser remitido a la Asamblea Legislativa Plurinacional para que autorice el juicio penal por dos tercios de votos\u201d, refiri\u00f3 el canciller. A\u00f1adi\u00f3 que \u201csi se da la autorizaci\u00f3n, se prosigue con la institucionalidad de la justicia\u201d y consider\u00f3 que \u201cel informe del GIEI va a ser importante en ese proceso para que los parlamentarios puedan valorar la posibilidad de autorizar o no ese juicio contra \u00c1\u00f1ez\u201d, rese\u00f1aron medios locales.<\/p>\n<p>El GIEI que oper\u00f3 en Bolivia es el tercer grupo de este tipo constituido por la Comisi\u00f3n Internacional de Derechos Humanos (CIDH), despu\u00e9s del que investig\u00f3 la matanza de estudiantes de Ayotzinapa en M\u00e9xico y la violencia pol\u00edtica en Nicaragua.<\/p>\n<p>\u00c1\u00f1ez, quien cumple prisi\u00f3n preventiva, fue hospitalizada este mi\u00e9rcoles por tercera vez en una semana para realizarse ex\u00e1menes m\u00e9dicos y devuelta al penal a las pocas horas, lo que indign\u00f3 a su abogada, que insiste en que su salud est\u00e1 \u201cmuy afectada\u201d, en disonancia con los informes m\u00e9dicos. \u201cLa sacaron sin avisar a la familia ni a la defensa y reci\u00e9n ahora nos han llamado, cuando ya est\u00e1 ingresando de vuelta al penal\u201d, se quej\u00f3 ante la prensa su defensora Norka Cu\u00e9llar en las puertas de la c\u00e1rcel femenina de La Paz.<\/p>\n<p>\u00c1\u00f1ez fue llevada a primera hora a un hospital de El Alto, ciudad contigua a La Paz, donde se le realizaron estudios cardiol\u00f3gicos y otros solicitados por sus familiares y m\u00e9dicos que la atendieron la semana pasada, revel\u00f3 una fuente de la Direcci\u00f3n de Penitenciar\u00edas. Los m\u00e9dicos del Instituto del T\u00f3rax de La Paz que la examinaron dos veces la semana pasada le diagnosticaron hipertensi\u00f3n y ansiedad, pero fue retornada a prisi\u00f3n despu\u00e9s de que la encontraran \u201ctotalmente estable\u201d.<\/p>\n<p>\u00c1\u00f1ez est\u00e1 detenida desde marzo a la espera de juicio, acusada del golpe de Estado de 2019, en el que el Evo Morales fue forzado a renunciar y ella se proclam\u00f3 presidenta transitoria.<\/p>\n","protected":false},"excerpt":{"rendered":"<p>Es la pena m\u00e1xima establecida por la ley boliviana para delitos de lesa humanidad. Jeanine \u00c1\u00f1ez est\u00e1 acusada por matanzas en Sacaba, Cochabamba y Senkata, adem\u00e1s de sedici\u00f3n y violaci\u00f3n de la Constituci\u00f3n &nbsp; &nbsp; La expresidenta de facto Jeanine \u00c1\u00f1ez (2019-2020) podr\u00eda recibir la pena m\u00e1xima de 30 a\u00f1os de c\u00e1rcel por delitos de lesa humanidad cometidos en el marco del golpe de Estado que derroc\u00f3 al mandatario Evo Morales, revel\u00f3 hoy el Gobierno boliviano a trav\u00e9s del canciller Rogelio Mayta. \u201cEn relaci\u00f3n a las penas, hay que ser&#8230;<\/p>\n","protected":false},"author":3,"featured_media":71929,"comment_status":"closed","ping_status":"closed","sticky":false,"template":"","format":"standard","meta":[],"categories":[4],"tags":[],"_links":{"self":[{"href":"https:\/\/www.actualidadadiario.com\/index.php\/wp-json\/wp\/v2\/posts\/76692"}],"collection":[{"href":"https:\/\/www.actualidadadiario.com\/index.php\/wp-json\/wp\/v2\/posts"}],"about":[{"href":"https:\/\/www.actualidadadiario.com\/index.php\/wp-json\/wp\/v2\/types\/post"}],"author":[{"embeddable":true,"href":"https:\/\/www.actualidadadiario.com\/index.php\/wp-json\/wp\/v2\/users\/3"}],"replies":[{"embeddable":true,"href":"https:\/\/www.actualidadadiario.com\/index.php\/wp-json\/wp\/v2\/comments?post=76692"}],"version-history":[{"count":1,"href":"https:\/\/www.actualidadadiario.com\/index.php\/wp-json\/wp\/v2\/posts\/76692\/revisions"}],"predecessor-version":[{"id":76693,"href":"https:\/\/www.actualidadadiario.com\/index.php\/wp-json\/wp\/v2\/posts\/76692\/revisions\/76693"}],"wp:featuredmedia":[{"embeddable":true,"href":"https:\/\/www.actualidadadiario.com\/index.php\/wp-json\/wp\/v2\/media\/71929"}],"wp:attachment":[{"href":"https:\/\/www.actualidadadiario.com\/index.php\/wp-json\/wp\/v2\/media?parent=76692"}],"wp:term":[{"taxonomy":"category","embeddable":true,"href":"https:\/\/www.actualidadadiario.com\/index.php\/wp-json\/wp\/v2\/categories?post=76692"},{"taxonomy":"post_tag","embeddable":true,"href":"https:\/\/www.actualidadadiario.com\/index.php\/wp-json\/wp\/v2\/tags?post=76692"}],"curies":[{"name":"wp","href":"https:\/\/api.w.org\/{rel}","templated":true}]}}