{"id":76690,"date":"2021-08-19T14:09:19","date_gmt":"2021-08-19T17:09:19","guid":{"rendered":"https:\/\/www.actualidadadiario.com\/?p=76690"},"modified":"2021-08-19T14:09:19","modified_gmt":"2021-08-19T17:09:19","slug":"tormentas-aisladas-y-un-alerta-amarilla-por-vientos-fueron-anunciadas-para-la-region-de-salto-grande","status":"publish","type":"post","link":"https:\/\/www.actualidadadiario.com\/index.php\/2021\/08\/19\/tormentas-aisladas-y-un-alerta-amarilla-por-vientos-fueron-anunciadas-para-la-region-de-salto-grande\/","title":{"rendered":"Tormentas aisladas y un alerta amarilla por vientos fueron anunciadas para la regi\u00f3n de Salto Grande"},"content":{"rendered":"<p style=\"text-align: center;\"><em><strong>Durante la ma\u00f1ana de este jueves el SMN anunci\u00f3 que la regi\u00f3n de Salto Grande ser\u00eda afectada por una alerta amarilla y dieron a conocer que tormentas aisladas podr\u00edan afectar a distintas localidades<\/strong><\/em><\/p>\n<p>&nbsp;<\/p>\n<p>&nbsp;<\/p>\n<p>Seg\u00fan lo informado a trav\u00e9s de la p\u00e1gina oficial del Servicio Meteorol\u00f3gico Nacional, este jueves la regi\u00f3n de Salto Grande se podr\u00e1 ver afectada por precipitaciones y tormentas aisladas hasta la llegada de la noche.<\/p>\n<p>Asimismo, el pron\u00f3stico de tormentas se podr\u00eda extender hasta la ma\u00f1ana de este viernes inclusive, as\u00ed como tambi\u00e9n un cielo mayormente nublado en el transcurso del fin de semana.<\/p>\n<p>&nbsp;<\/p>\n<p><strong>Alerta amarilla por vientos<\/strong><\/p>\n<p>Por otro lado, desde el organismo dieron a conocer que el \u00e1rea indicada de Salta, Formosa, Chaco, Corrientes, Entre R\u00edos y noreste de Santa Fe ser\u00e1 afectada por vientos del sector norte con velocidades ente 20 y 35 km\/h, con r\u00e1fagas que pueden superar los 60 km\/h.<\/p>\n<p>En casos de alerta amarilla se recomienda evitar las actividades al aire libre, asegurar los elementos que puedan volarse y mantenerse informado sobre el desarrollo de la situaci\u00f3n.<\/p>\n","protected":false},"excerpt":{"rendered":"<p>Durante la ma\u00f1ana de este jueves el SMN anunci\u00f3 que la regi\u00f3n de Salto Grande ser\u00eda afectada por una alerta amarilla y dieron a conocer que tormentas aisladas podr\u00edan afectar a distintas localidades &nbsp; &nbsp; Seg\u00fan lo informado a trav\u00e9s de la p\u00e1gina oficial del Servicio Meteorol\u00f3gico Nacional, este jueves la regi\u00f3n de Salto Grande se podr\u00e1 ver afectada por precipitaciones y tormentas aisladas hasta la llegada de la noche. Asimismo, el pron\u00f3stico de tormentas se podr\u00eda extender hasta la ma\u00f1ana de este viernes inclusive, as\u00ed como tambi\u00e9n un cielo&#8230;<\/p>\n","protected":false},"author":3,"featured_media":70584,"comment_status":"closed","ping_status":"closed","sticky":false,"template":"","format":"standard","meta":[],"categories":[15],"tags":[],"_links":{"self":[{"href":"https:\/\/www.actualidadadiario.com\/index.php\/wp-json\/wp\/v2\/posts\/76690"}],"collection":[{"href":"https:\/\/www.actualidadadiario.com\/index.php\/wp-json\/wp\/v2\/posts"}],"about":[{"href":"https:\/\/www.actualidadadiario.com\/index.php\/wp-json\/wp\/v2\/types\/post"}],"author":[{"embeddable":true,"href":"https:\/\/www.actualidadadiario.com\/index.php\/wp-json\/wp\/v2\/users\/3"}],"replies":[{"embeddable":true,"href":"https:\/\/www.actualidadadiario.com\/index.php\/wp-json\/wp\/v2\/comments?post=76690"}],"version-history":[{"count":1,"href":"https:\/\/www.actualidadadiario.com\/index.php\/wp-json\/wp\/v2\/posts\/76690\/revisions"}],"predecessor-version":[{"id":76691,"href":"https:\/\/www.actualidadadiario.com\/index.php\/wp-json\/wp\/v2\/posts\/76690\/revisions\/76691"}],"wp:featuredmedia":[{"embeddable":true,"href":"https:\/\/www.actualidadadiario.com\/index.php\/wp-json\/wp\/v2\/media\/70584"}],"wp:attachment":[{"href":"https:\/\/www.actualidadadiario.com\/index.php\/wp-json\/wp\/v2\/media?parent=76690"}],"wp:term":[{"taxonomy":"category","embeddable":true,"href":"https:\/\/www.actualidadadiario.com\/index.php\/wp-json\/wp\/v2\/categories?post=76690"},{"taxonomy":"post_tag","embeddable":true,"href":"https:\/\/www.actualidadadiario.com\/index.php\/wp-json\/wp\/v2\/tags?post=76690"}],"curies":[{"name":"wp","href":"https:\/\/api.w.org\/{rel}","templated":true}]}}