{"id":76687,"date":"2021-08-19T14:08:37","date_gmt":"2021-08-19T17:08:37","guid":{"rendered":"https:\/\/www.actualidadadiario.com\/?p=76687"},"modified":"2021-08-19T14:08:37","modified_gmt":"2021-08-19T17:08:37","slug":"evaluan-pasos-a-seguir-para-la-regularizacion-del-canon-de-los-complejos-termales","status":"publish","type":"post","link":"https:\/\/www.actualidadadiario.com\/index.php\/2021\/08\/19\/evaluan-pasos-a-seguir-para-la-regularizacion-del-canon-de-los-complejos-termales\/","title":{"rendered":"Eval\u00faan pasos a seguir para la regularizaci\u00f3n del canon de los complejos termales"},"content":{"rendered":"<p style=\"text-align: center;\"><em><strong>Se trabaja en un plan ordenador que permita la regularizaci\u00f3n del pago del canon de los complejos termales. Para ello, el ministro de Planeamiento, Marcelo Richard, mantuvo una reuni\u00f3n con el presidente del Ente Regulador de los Recursos Termales de Entre R\u00edos (Errter) , Ram\u00f3n Barrera<\/strong><\/em><\/p>\n<p>&nbsp;<\/p>\n<p>&nbsp;<\/p>\n<p>Durante el encuentro de trabajo, donde acompa\u00f1aron adem\u00e1s el subadministrador de Vialidad Provincial, Leonardo Cerneux, y el intendente de Colonia El\u00eda, Gabriel Barbara, los funcionarios analizaron la problem\u00e1tica y avanzaron en el estado de situaci\u00f3n que tienen las rutas RP N\u00b039 y RN N\u00b012.<\/p>\n<p>\u201cJunto al ministro Richard, tratamos dos o tres temas que tienen que ver el llevar adelante la regularizaci\u00f3n que ha dejado estos meses de pandemia que tiene que ver con la suspensi\u00f3n del pago del canon\u201d explic\u00f3 Barrera. Cabe destacar que desde el gobierno provincial se llev\u00f3 a cabo la suspensi\u00f3n del cobro del canon a los complejos por el escenario de pandemia de Covid-19.<\/p>\n<p>Al respecto, el titular del Errter manifest\u00f3 que \u201canalizamos varias posibilidades, el ministro expuso varias opciones, e intentaremos las pr\u00f3ximas semanas llevarlas adelantes y regularizar un tema que ha sido importante para el gobierno de la provincia, m\u00e1s que nada por una directiva del gobernador, pero tambi\u00e9n importante para regularizar un tema de deuda que los tiene preocupados a los permisionarios, due\u00f1os de termas en la provincia\u201d.<\/p>\n<p>Por otro lado, los funcionarios repasaron temas que hacen al turismo social y potenciar algunas econom\u00edas que se referencian en el turismo, como el caso de Colonia El\u00eda. En tal sentido, Ram\u00f3n Barrera precis\u00f3 que \u201cuna preocupaci\u00f3n que es permanente en el ministro Richard, que tiene que ver con el estado de situaci\u00f3n que tiene la ruta 39 y 12 que son las que nos comunican entre Concepci\u00f3n del Uruguay y Paran\u00e1, para lo cual se acord\u00f3 avanzar en nuevas reuniones para la pr\u00f3xima semana y llevar adelante algunos estudios de la traza\u201d.<\/p>\n","protected":false},"excerpt":{"rendered":"<p>Se trabaja en un plan ordenador que permita la regularizaci\u00f3n del pago del canon de los complejos termales. Para ello, el ministro de Planeamiento, Marcelo Richard, mantuvo una reuni\u00f3n con el presidente del Ente Regulador de los Recursos Termales de Entre R\u00edos (Errter) , Ram\u00f3n Barrera &nbsp; &nbsp; Durante el encuentro de trabajo, donde acompa\u00f1aron adem\u00e1s el subadministrador de Vialidad Provincial, Leonardo Cerneux, y el intendente de Colonia El\u00eda, Gabriel Barbara, los funcionarios analizaron la problem\u00e1tica y avanzaron en el estado de situaci\u00f3n que tienen las rutas RP N\u00b039 y&#8230;<\/p>\n","protected":false},"author":3,"featured_media":76688,"comment_status":"closed","ping_status":"closed","sticky":false,"template":"","format":"standard","meta":[],"categories":[15],"tags":[],"_links":{"self":[{"href":"https:\/\/www.actualidadadiario.com\/index.php\/wp-json\/wp\/v2\/posts\/76687"}],"collection":[{"href":"https:\/\/www.actualidadadiario.com\/index.php\/wp-json\/wp\/v2\/posts"}],"about":[{"href":"https:\/\/www.actualidadadiario.com\/index.php\/wp-json\/wp\/v2\/types\/post"}],"author":[{"embeddable":true,"href":"https:\/\/www.actualidadadiario.com\/index.php\/wp-json\/wp\/v2\/users\/3"}],"replies":[{"embeddable":true,"href":"https:\/\/www.actualidadadiario.com\/index.php\/wp-json\/wp\/v2\/comments?post=76687"}],"version-history":[{"count":1,"href":"https:\/\/www.actualidadadiario.com\/index.php\/wp-json\/wp\/v2\/posts\/76687\/revisions"}],"predecessor-version":[{"id":76689,"href":"https:\/\/www.actualidadadiario.com\/index.php\/wp-json\/wp\/v2\/posts\/76687\/revisions\/76689"}],"wp:featuredmedia":[{"embeddable":true,"href":"https:\/\/www.actualidadadiario.com\/index.php\/wp-json\/wp\/v2\/media\/76688"}],"wp:attachment":[{"href":"https:\/\/www.actualidadadiario.com\/index.php\/wp-json\/wp\/v2\/media?parent=76687"}],"wp:term":[{"taxonomy":"category","embeddable":true,"href":"https:\/\/www.actualidadadiario.com\/index.php\/wp-json\/wp\/v2\/categories?post=76687"},{"taxonomy":"post_tag","embeddable":true,"href":"https:\/\/www.actualidadadiario.com\/index.php\/wp-json\/wp\/v2\/tags?post=76687"}],"curies":[{"name":"wp","href":"https:\/\/api.w.org\/{rel}","templated":true}]}}