{"id":76685,"date":"2021-08-19T14:07:53","date_gmt":"2021-08-19T17:07:53","guid":{"rendered":"https:\/\/www.actualidadadiario.com\/?p=76685"},"modified":"2021-08-19T14:07:53","modified_gmt":"2021-08-19T17:07:53","slug":"la-provincia-presento-sus-modelos-para-combatir-el-delito-rural-en-el-consejo-federal-agropecuario","status":"publish","type":"post","link":"https:\/\/www.actualidadadiario.com\/index.php\/2021\/08\/19\/la-provincia-presento-sus-modelos-para-combatir-el-delito-rural-en-el-consejo-federal-agropecuario\/","title":{"rendered":"La provincia present\u00f3 sus modelos para combatir el delito rural en el Consejo Federal Agropecuario"},"content":{"rendered":"<p style=\"text-align: center;\"><em><strong>El secretario de Agricultura y Ganader\u00eda, Lucio Amavet, represent\u00f3 al ministro de Producci\u00f3n, Juan Jos\u00e9 Bahillo, en la reuni\u00f3n virtual conjunta del Consejo Federal Agropecuario con el Consejo de Seguridad Interior, donde expuso la experiencia de Entre R\u00edos en el combate del delito rural<\/strong><\/em><\/p>\n<p>&nbsp;<\/p>\n<p>&nbsp;<\/p>\n<p>La idea de la convocatoria a esta reuni\u00f3n que congreg\u00f3 a las autoridades nacionales y los ministros provinciales de las \u00e1reas de Agricultura y Ganader\u00eda y de Seguridad tiene su antecedente de la resoluci\u00f3n N\u00ba4 del a\u00f1o pasado donde se empez\u00f3 a trabajar de manera articulada entre ambos Consejos para el tratamiento espec\u00edfico de los delitos rurales. El objetivo es analizar la situaci\u00f3n en forma federal y por cada una de las jurisdicciones y, eventualmente, si el escenario lo amerita, asumir estrategias compartidas.<\/p>\n<p>Asimismo, es una respuesta a las organizaciones representativas y vinculadas al sector rural que gestionaron pol\u00edticas concretas y determinadas en este sentido. De all\u00ed, a partir de la resoluci\u00f3n N\u00b0 4 del 2020, es que se crea la comisi\u00f3n interministerial permanente en materia de seguridad rural.<\/p>\n<p>En aquel momento exist\u00eda un delito que no estaba cuantificado pero que gan\u00f3 mucha repercusi\u00f3n por las denuncias medi\u00e1ticas, que era los atentados contra los silos bolsas y ese motivo puntual determin\u00f3 y dispar\u00f3 la necesidad de generar un \u00e1mbito compartido de tratamiento y con una atenci\u00f3n especial.<\/p>\n<p>Dentro de las decisiones que se tomaron en ese momento, se realiz\u00f3 un relevamiento estad\u00edstico sobre las roturas de silos bolsas y hubo varias reuniones de trabajo con aquellas provincias que tienen un mayor nivel de desarrollo sobre este tema, o ten\u00edan modelos m\u00e1s elaborados y precisos, cuerpos especiales o alguna l\u00f3gica de inteligencia criminal superior sobre estas cuestiones y que pod\u00edan ser proyectadas o replicadas al resto de las jurisdicciones.<\/p>\n<p>Eso tuvo un resultado muy positivo y potente por lo que en esta reuni\u00f3n se invit\u00f3 a exponer a Entre R\u00edos, Santa Fe, Chaco, C\u00f3rdoba, Misiones y Corrientes.<\/p>\n<p>&nbsp;<\/p>\n<p><strong>La exposici\u00f3n de Entre R\u00edos<\/strong><\/p>\n<p>Al momento de su presentaci\u00f3n, el secretario de Agricultura y Ganader\u00eda de Entre R\u00edos. Lucio Amavet, desglos\u00f3 las principales acciones y sostuvo que \u201cdesde la provincia, al haber tomado conocimiento de algunas manifestaciones por parte del sector agropecuario sobre existencia de rotura de silos bolsas en Entre R\u00edos, r\u00e1pidamente se constituy\u00f3 una mesa interministerial entre Ministerio de Gobierno y Justicia y el Ministerio de Producci\u00f3n, donde a trav\u00e9s de la Secretar\u00eda de Agricultura y Ganader\u00eda y la Direcci\u00f3n de Delitos Rurales de la Polic\u00eda provincial se elabor\u00f3 un protocolo que indicaba a los productores la forma de proceder ante el posible acto delictual. Este protocolo se trabaj\u00f3 de manera articulada con las entidades que nuclean a los productores y se fue transmitiendo esa informaci\u00f3n en el territorio, lo que posibilit\u00f3 que se hagan las denuncias como corresponde y puedan actuar tanto las fuerzas de seguridad como la Justicia\u201d.<\/p>\n<p>Y detall\u00f3: \u201cEn ese marco y durante ese a\u00f1o, la Direcci\u00f3n de Delitos Rurales recibi\u00f3 seis denuncias por las cuales se procedi\u00f3 en tiempo y forma y se aclararon todos los hechos asociados a roturas intencionales por cuestiones relacionadas a problem\u00e1ticas entre los due\u00f1os de los campos y algunos empleados que estaban disconformes con algunas situaciones propias de la relaci\u00f3n laboral o personal y se concluy\u00f3 que no respond\u00edan a cuestiones ideol\u00f3gicas\u201d.<\/p>\n<p>En otra parte de su alocuci\u00f3n, el funcionario resalt\u00f3 que, \u201cadem\u00e1s, cada una de las dependencias de abigeato ubicadas en todos los departamentos de la provincia fueron reforzadas a los efectos de que puedan realizar el patrullaje correspondiente y estar prestos y atentos ante la eventualidad de alguna nueva denuncia\u201d.<\/p>\n<p>Tambi\u00e9n Amavet aclar\u00f3 que \u201cDelitos Rurales informa trimestralmente sobre el inventario que cre\u00f3 el Ministerio de Seguridad de la Naci\u00f3n acerca de las denuncias que va recibiendo en esta materia; la naturaleza de las denuncias, como por ejemplo si se trata de hurto, rotura intencional , entre otros, para contar con un panorama acabado y con informaci\u00f3n certera y confiable\u201d.<\/p>\n<p>&nbsp;<\/p>\n<p><strong>Sobre el Consejo Federal Agropecuario<\/strong><\/p>\n<p>Es el espacio institucional de reuni\u00f3n entre ministros, creado por Ley, donde las m\u00e1ximas autoridades nacionales y provinciales del sector agroindustrial atienden en trabajo conjunto todas aquellas cuestiones relativas al sector agroindustrial que por su impacto en las econom\u00edas regionales o provinciales requieran una mirada federal, transversal, amplia y colaborativa.<\/p>\n<p>Es tambi\u00e9n un organismo de asesoramiento y consulta del Poder Ejecutivo nacional.<\/p>\n","protected":false},"excerpt":{"rendered":"<p>El secretario de Agricultura y Ganader\u00eda, Lucio Amavet, represent\u00f3 al ministro de Producci\u00f3n, Juan Jos\u00e9 Bahillo, en la reuni\u00f3n virtual conjunta del Consejo Federal Agropecuario con el Consejo de Seguridad Interior, donde expuso la experiencia de Entre R\u00edos en el combate del delito rural &nbsp; &nbsp; La idea de la convocatoria a esta reuni\u00f3n que congreg\u00f3 a las autoridades nacionales y los ministros provinciales de las \u00e1reas de Agricultura y Ganader\u00eda y de Seguridad tiene su antecedente de la resoluci\u00f3n N\u00ba4 del a\u00f1o pasado donde se empez\u00f3 a trabajar de&#8230;<\/p>\n","protected":false},"author":3,"featured_media":63957,"comment_status":"closed","ping_status":"closed","sticky":false,"template":"","format":"standard","meta":[],"categories":[15],"tags":[],"_links":{"self":[{"href":"https:\/\/www.actualidadadiario.com\/index.php\/wp-json\/wp\/v2\/posts\/76685"}],"collection":[{"href":"https:\/\/www.actualidadadiario.com\/index.php\/wp-json\/wp\/v2\/posts"}],"about":[{"href":"https:\/\/www.actualidadadiario.com\/index.php\/wp-json\/wp\/v2\/types\/post"}],"author":[{"embeddable":true,"href":"https:\/\/www.actualidadadiario.com\/index.php\/wp-json\/wp\/v2\/users\/3"}],"replies":[{"embeddable":true,"href":"https:\/\/www.actualidadadiario.com\/index.php\/wp-json\/wp\/v2\/comments?post=76685"}],"version-history":[{"count":1,"href":"https:\/\/www.actualidadadiario.com\/index.php\/wp-json\/wp\/v2\/posts\/76685\/revisions"}],"predecessor-version":[{"id":76686,"href":"https:\/\/www.actualidadadiario.com\/index.php\/wp-json\/wp\/v2\/posts\/76685\/revisions\/76686"}],"wp:featuredmedia":[{"embeddable":true,"href":"https:\/\/www.actualidadadiario.com\/index.php\/wp-json\/wp\/v2\/media\/63957"}],"wp:attachment":[{"href":"https:\/\/www.actualidadadiario.com\/index.php\/wp-json\/wp\/v2\/media?parent=76685"}],"wp:term":[{"taxonomy":"category","embeddable":true,"href":"https:\/\/www.actualidadadiario.com\/index.php\/wp-json\/wp\/v2\/categories?post=76685"},{"taxonomy":"post_tag","embeddable":true,"href":"https:\/\/www.actualidadadiario.com\/index.php\/wp-json\/wp\/v2\/tags?post=76685"}],"curies":[{"name":"wp","href":"https:\/\/api.w.org\/{rel}","templated":true}]}}