{"id":76679,"date":"2021-08-19T14:05:21","date_gmt":"2021-08-19T17:05:21","guid":{"rendered":"https:\/\/www.actualidadadiario.com\/?p=76679"},"modified":"2021-08-19T14:05:21","modified_gmt":"2021-08-19T17:05:21","slug":"suba-de-casos-de-coronavirus-en-la-provincia","status":"publish","type":"post","link":"https:\/\/www.actualidadadiario.com\/index.php\/2021\/08\/19\/suba-de-casos-de-coronavirus-en-la-provincia\/","title":{"rendered":"Suba de casos de coronavirus en la provincia"},"content":{"rendered":"<p style=\"text-align: center;\"><em><strong>Se reportaron positivos en 15 departamentos. El total provincial de casos asciende a 133,503<\/strong><\/em><\/p>\n<p>&nbsp;<\/p>\n<p>Los casos se distribuyen de la siguiente manera:<\/p>\n<p><strong>Departamento Paran\u00e1 88, distribuidos en:<\/strong><\/p>\n<p>Cerrito 1<\/p>\n<p>Colonia Avellaneda 2<\/p>\n<p>Crespo 6<\/p>\n<p>Las Garzas 5<\/p>\n<p>Mar\u00eda Grande 1<\/p>\n<p>Oro Verde 1<\/p>\n<p>Paran\u00e1 65<\/p>\n<p>San Benito\u00a0 6<\/p>\n<p>Viale 1<\/p>\n<p>&nbsp;<\/p>\n<p><strong>Departamento Col\u00f3n 3, distribuidos en:<\/strong><\/p>\n<p>Pueblo Liebig 1<\/p>\n<p>San Jos\u00e9 \u00a02<\/p>\n<p>&nbsp;<\/p>\n<p><strong>Departamento Concordia 14, distribuidos en:<\/strong><\/p>\n<p>Concordia 8<\/p>\n<p>Pedernal 5<\/p>\n<p>Puerto Yeru\u00e1 \u00a01<\/p>\n<p>&nbsp;<\/p>\n<p><strong>Departamento Diamante 12, distribuidos en:<\/strong><\/p>\n<p>Colonia Ensayo 1<\/p>\n<p>Diamante 3<\/p>\n<p>General Racedo 1<\/p>\n<p>Estaci\u00f3n Camps 1<\/p>\n<p>General Ram\u00edrez 3<\/p>\n<p>Libertador San Mart\u00edn 3<\/p>\n<p>&nbsp;<\/p>\n<p><strong>Departamento Federaci\u00f3n 18, distribuidos en:<\/strong><\/p>\n<p>Chajar\u00ed 13<\/p>\n<p>Federaci\u00f3n 3<\/p>\n<p>Gualeguaycito 1<\/p>\n<p>Villa del Rosario 1<\/p>\n<p>&nbsp;<\/p>\n<p><strong>Departamento Federal 2, distribuidos en:<\/strong><\/p>\n<p>Federal 2<\/p>\n<p>&nbsp;<\/p>\n<p><strong>Departamento Gualeguay 13, distribuidos en:<\/strong><\/p>\n<p>Gualeguay 13<\/p>\n<p>&nbsp;<\/p>\n<p><strong>Departamento Gualeguaych\u00fa 26, distribuidos en:<\/strong><\/p>\n<p>Aldea San Juan 1<\/p>\n<p>Gualeguaych\u00fa 18<\/p>\n<p>Sarand\u00ed 1<\/p>\n<p>Urdinarrain 6<\/p>\n<p>&nbsp;<\/p>\n<p><strong>Departamento Islas del Ibicuy 8, distribuidos en:<\/strong><\/p>\n<p>Brazo Largo 1<\/p>\n<p>Ibicuy 5<\/p>\n<p>Villa Paranacito 2<\/p>\n<p>&nbsp;<\/p>\n<p><strong>Departamento La Paz 10, distribuidos en:<\/strong><\/p>\n<p>Alcaraz 3<\/p>\n<p>La Paz 2<\/p>\n<p>San Gustavo 5<\/p>\n<p>&nbsp;<\/p>\n<p><strong>Departamento Nogoy\u00e1 2, distribuidos en:<\/strong><\/p>\n<p>Lucas Gonz\u00e1lez 1<\/p>\n<p>Nogoy\u00e1 1<\/p>\n<p>&nbsp;<\/p>\n<p><strong>Departamento Tala 3, distribuidos en<\/strong><\/p>\n<p>Gobernador Mansilla 1<\/p>\n<p>Maci\u00e1 2<\/p>\n<p>&nbsp;<\/p>\n<p><strong>Departamento Uruguay 20, distribuidos en:<\/strong><\/p>\n<p>Concepci\u00f3n del Uruguay 14<\/p>\n<p>Las moscas 3<\/p>\n<p>Villa Mantero 1<\/p>\n<p>Villa San Justo 2<\/p>\n<p>&nbsp;<\/p>\n<p><strong>Departamento Victoria 3, distribuidos en:<\/strong><\/p>\n<p>Laguna del pescado 1<\/p>\n<p>Victoria 2<\/p>\n<p>&nbsp;<\/p>\n<p><strong>Departamento Villaguay 13, distribuidos en:<\/strong><\/p>\n<p>Villa Clara 1<\/p>\n<p>Villaguay 12<\/p>\n<p>&nbsp;<\/p>\n<p>De este modo, en la provincia son 133.503 los casos confirmados desde el inicio de la pandemia.<\/p>\n","protected":false},"excerpt":{"rendered":"<p>Se reportaron positivos en 15 departamentos. El total provincial de casos asciende a 133,503 &nbsp; Los casos se distribuyen de la siguiente manera: Departamento Paran\u00e1 88, distribuidos en: Cerrito 1 Colonia Avellaneda 2 Crespo 6 Las Garzas 5 Mar\u00eda Grande 1 Oro Verde 1 Paran\u00e1 65 San Benito\u00a0 6 Viale 1 &nbsp; Departamento Col\u00f3n 3, distribuidos en: Pueblo Liebig 1 San Jos\u00e9 \u00a02 &nbsp; Departamento Concordia 14, distribuidos en: Concordia 8 Pedernal 5 Puerto Yeru\u00e1 \u00a01 &nbsp; Departamento Diamante 12, distribuidos en: Colonia Ensayo 1 Diamante 3 General Racedo 1&#8230;<\/p>\n","protected":false},"author":3,"featured_media":74201,"comment_status":"closed","ping_status":"closed","sticky":false,"template":"","format":"standard","meta":[],"categories":[15],"tags":[],"_links":{"self":[{"href":"https:\/\/www.actualidadadiario.com\/index.php\/wp-json\/wp\/v2\/posts\/76679"}],"collection":[{"href":"https:\/\/www.actualidadadiario.com\/index.php\/wp-json\/wp\/v2\/posts"}],"about":[{"href":"https:\/\/www.actualidadadiario.com\/index.php\/wp-json\/wp\/v2\/types\/post"}],"author":[{"embeddable":true,"href":"https:\/\/www.actualidadadiario.com\/index.php\/wp-json\/wp\/v2\/users\/3"}],"replies":[{"embeddable":true,"href":"https:\/\/www.actualidadadiario.com\/index.php\/wp-json\/wp\/v2\/comments?post=76679"}],"version-history":[{"count":1,"href":"https:\/\/www.actualidadadiario.com\/index.php\/wp-json\/wp\/v2\/posts\/76679\/revisions"}],"predecessor-version":[{"id":76680,"href":"https:\/\/www.actualidadadiario.com\/index.php\/wp-json\/wp\/v2\/posts\/76679\/revisions\/76680"}],"wp:featuredmedia":[{"embeddable":true,"href":"https:\/\/www.actualidadadiario.com\/index.php\/wp-json\/wp\/v2\/media\/74201"}],"wp:attachment":[{"href":"https:\/\/www.actualidadadiario.com\/index.php\/wp-json\/wp\/v2\/media?parent=76679"}],"wp:term":[{"taxonomy":"category","embeddable":true,"href":"https:\/\/www.actualidadadiario.com\/index.php\/wp-json\/wp\/v2\/categories?post=76679"},{"taxonomy":"post_tag","embeddable":true,"href":"https:\/\/www.actualidadadiario.com\/index.php\/wp-json\/wp\/v2\/tags?post=76679"}],"curies":[{"name":"wp","href":"https:\/\/api.w.org\/{rel}","templated":true}]}}