{"id":76676,"date":"2021-08-19T14:04:20","date_gmt":"2021-08-19T17:04:20","guid":{"rendered":"https:\/\/www.actualidadadiario.com\/?p=76676"},"modified":"2021-08-19T14:04:20","modified_gmt":"2021-08-19T17:04:20","slug":"bordet-aseguro-que-el-censo-es-una-informacion-muy-importante-para-poder-tomar-decisiones-de-gestion","status":"publish","type":"post","link":"https:\/\/www.actualidadadiario.com\/index.php\/2021\/08\/19\/bordet-aseguro-que-el-censo-es-una-informacion-muy-importante-para-poder-tomar-decisiones-de-gestion\/","title":{"rendered":"Bordet asegur\u00f3 que el censo \u201ces una informaci\u00f3n muy importante para poder tomar decisiones de gesti\u00f3n\u201d"},"content":{"rendered":"<p style=\"text-align: center;\"><em><strong>El gobernador Gustavo Bordet particip\u00f3 de la reuni\u00f3n inaugural del Comit\u00e9 Censal de Operativo del Censo Nacional de Poblaci\u00f3n, Hogares y Viviendas que encabez\u00f3 el presidente Alberto Fern\u00e1ndez. \u201cEs una informaci\u00f3n muy importante para poder tomar decisiones de gesti\u00f3n\u201d, dijo<\/strong><\/em><\/p>\n<p>&nbsp;<\/p>\n<p>&nbsp;<\/p>\n<p>De la reuni\u00f3n que se desarroll\u00f3 en el Museo del Bicentenario de la Casa Rosada, participaron el jefe de Gabinete, Santiago Cafiero; los ministros de Econom\u00eda, Mart\u00edn Guzm\u00e1n; de Ciencia, Roberto Salvarezza; de Cultura, Trist\u00e1n Bauer; de Desarrollo Territorial y H\u00e1bitat, Jorge Ferraresi; de Educaci\u00f3n, Nicol\u00e1s Trotta y el director General del Instituto Nacional de Estad\u00edstica y Censos (INDEC), Marco Lavagna.<\/p>\n<p>Tras el encuentro, el mandatario entrerriano que estuvo acompa\u00f1ado por el ministro de Econom\u00eda, Hugo Ballay, precis\u00f3 que &#8220;el censo que la constituci\u00f3n establece que es peri\u00f3dicamente cada 10 a\u00f1os, por la pandemia el a\u00f1o pasado no se pudo realizar y comenzar\u00e1 a partir del 16 de marzo al 28 de mayo pr\u00f3ximo&#8221;.<\/p>\n<p>Explic\u00f3 que en el censo se llevar\u00e1 a cabo en 2022, &#8220;hay modalidades interesantes\u201d, y en ese sentido, detall\u00f3 que \u201ctambi\u00e9n se podr\u00e1 realizar v\u00eda electr\u00f3nica para poder ir evacuando los datos y facilitar la tareas a los censistas\u201d. Y valor\u00f3 que \u201ces algo muy moderno, de vanguardia que nos permitir\u00e1 tener informaci\u00f3n cabal y actualizada de la Argentina, particularmente a nosotros de Entre R\u00edos, de las ciudades, de la zonas rurales, tener conocimiento de las ocupaciones de las personas, de las personas con discapacidad, de distintas situaciones de naturaleza que atraviesan grupos familiares&#8221;.<\/p>\n<p>Agreg\u00f3 que con el censo se conocer\u00e1 &#8220;c\u00f3mo han crecido las ciudades, el crecimiento demogr\u00e1fico de la provincia, pero tambi\u00e9n cu\u00e1les son las necesidades b\u00e1sicas insatisfechas que mucha poblaci\u00f3n tiene, da la indicaci\u00f3n de c\u00f3mo est\u00e1n compuestas con exactitud las franjas et\u00e1reas de la poblaci\u00f3n&#8221;. Y subray\u00f3 que &#8220;es muy pero muy importante porque el \u00faltimo censo fue en el a\u00f1o 2010 con un agravante que fue muy tristes para todos porque justo fue el fallecimiento de N\u00e9stor Kirchner y que por esa situaci\u00f3n particular que se di\u00f3 quiz\u00e1s el censo no pudo reflejar todo lo que ten\u00eda&#8221;.<\/p>\n<p>Asegur\u00f3 que &#8220;es una informaci\u00f3n muy importante para poder tomar decisiones de gesti\u00f3n y para poder tener un conocimiento cabal de c\u00f3mo nos encontramos, porque esto tambi\u00e9n habla de distintos aspectos como el trabajo, el desempleo, los niveles de ingresos. Es un censo muy completo, adaptado a tecnolog\u00edas que esta era moderna nos impone&#8221;.<\/p>\n<p>El mandatario resalt\u00f3 que &#8220;fue una reuni\u00f3n muy importante para poder tener un trabajo coordinado entre las provincias y la naci\u00f3n para poder tener la mayor fidelizaci\u00f3n de la informaci\u00f3n posible que nos suministre el pr\u00f3ximo censo&#8221;.<\/p>\n<p>&nbsp;<\/p>\n<p><strong>Ballay presidir\u00e1 el operativo provincial<\/strong><\/p>\n<p>Por su parte, el ministro de Econom\u00eda, Hugo Ballay, precis\u00f3 que el Comit\u00e9 del Censo Nacional &#8220;es presidido por el ministro de Econom\u00eda de la Naci\u00f3n, Mart\u00edn Guzman, y lo componen todos los integrantes del gabinete nacional, las provincias y la Ciudad Aut\u00f3noma de Buenos Aires&#8221;.<\/p>\n<p>Ballay valor\u00f3 que este censo servir\u00e1 &#8220;para todo lo que ser\u00e1 la actividad econ\u00f3mica, el sector empresarial, la dedicaci\u00f3n de cada una de las personas, son datos fundamentales para cuando uno tiene que aplicar pol\u00edticas publicas relacionadas con la econom\u00eda&#8221;.<\/p>\n<p>El ministro record\u00f3 que &#8220;de la misma forma en febrero de este a\u00f1o el gobernador rubric\u00f3 el decreto provincial que tambi\u00e9n conforma dentro de la \u00f3rbita de la provincia nuestro propio comit\u00e9 que lo primero que hace es adherir al decreto nacional del llamado al censo nacional y dentro de la estructura de la provincia este comit\u00e9 que presido est\u00e1 integrado por todos los ministros del gabinete entrerriano&#8221;.<\/p>\n<p>El funcionario destac\u00f3 que &#8220;la tarea que viene es muy significativa y fueron muy claros el ministro de Econom\u00eda, Mart\u00edn Guzm\u00e1n; el director General del Instituto Nacional de Estad\u00edstica y Censos (INDEC), Marco Lavagna y hasta el propio Presidente en solicitar y agradecer la participaci\u00f3n y responsabilidad con la que tome cada una de las provincias esta tarea porque el resultado ser\u00e1 muy significativo&#8221;.<\/p>\n","protected":false},"excerpt":{"rendered":"<p>El gobernador Gustavo Bordet particip\u00f3 de la reuni\u00f3n inaugural del Comit\u00e9 Censal de Operativo del Censo Nacional de Poblaci\u00f3n, Hogares y Viviendas que encabez\u00f3 el presidente Alberto Fern\u00e1ndez. \u201cEs una informaci\u00f3n muy importante para poder tomar decisiones de gesti\u00f3n\u201d, dijo &nbsp; &nbsp; De la reuni\u00f3n que se desarroll\u00f3 en el Museo del Bicentenario de la Casa Rosada, participaron el jefe de Gabinete, Santiago Cafiero; los ministros de Econom\u00eda, Mart\u00edn Guzm\u00e1n; de Ciencia, Roberto Salvarezza; de Cultura, Trist\u00e1n Bauer; de Desarrollo Territorial y H\u00e1bitat, Jorge Ferraresi; de Educaci\u00f3n, Nicol\u00e1s Trotta y&#8230;<\/p>\n","protected":false},"author":3,"featured_media":76677,"comment_status":"closed","ping_status":"closed","sticky":false,"template":"","format":"standard","meta":[],"categories":[9,15],"tags":[],"_links":{"self":[{"href":"https:\/\/www.actualidadadiario.com\/index.php\/wp-json\/wp\/v2\/posts\/76676"}],"collection":[{"href":"https:\/\/www.actualidadadiario.com\/index.php\/wp-json\/wp\/v2\/posts"}],"about":[{"href":"https:\/\/www.actualidadadiario.com\/index.php\/wp-json\/wp\/v2\/types\/post"}],"author":[{"embeddable":true,"href":"https:\/\/www.actualidadadiario.com\/index.php\/wp-json\/wp\/v2\/users\/3"}],"replies":[{"embeddable":true,"href":"https:\/\/www.actualidadadiario.com\/index.php\/wp-json\/wp\/v2\/comments?post=76676"}],"version-history":[{"count":1,"href":"https:\/\/www.actualidadadiario.com\/index.php\/wp-json\/wp\/v2\/posts\/76676\/revisions"}],"predecessor-version":[{"id":76678,"href":"https:\/\/www.actualidadadiario.com\/index.php\/wp-json\/wp\/v2\/posts\/76676\/revisions\/76678"}],"wp:featuredmedia":[{"embeddable":true,"href":"https:\/\/www.actualidadadiario.com\/index.php\/wp-json\/wp\/v2\/media\/76677"}],"wp:attachment":[{"href":"https:\/\/www.actualidadadiario.com\/index.php\/wp-json\/wp\/v2\/media?parent=76676"}],"wp:term":[{"taxonomy":"category","embeddable":true,"href":"https:\/\/www.actualidadadiario.com\/index.php\/wp-json\/wp\/v2\/categories?post=76676"},{"taxonomy":"post_tag","embeddable":true,"href":"https:\/\/www.actualidadadiario.com\/index.php\/wp-json\/wp\/v2\/tags?post=76676"}],"curies":[{"name":"wp","href":"https:\/\/api.w.org\/{rel}","templated":true}]}}