{"id":76660,"date":"2021-08-19T13:58:29","date_gmt":"2021-08-19T16:58:29","guid":{"rendered":"https:\/\/www.actualidadadiario.com\/?p=76660"},"modified":"2021-08-19T13:58:29","modified_gmt":"2021-08-19T16:58:29","slug":"el-frente-de-todos-evidencio-las-diferencias-entre-los-modelos-que-confrontaran-en-las-paso","status":"publish","type":"post","link":"https:\/\/www.actualidadadiario.com\/index.php\/2021\/08\/19\/el-frente-de-todos-evidencio-las-diferencias-entre-los-modelos-que-confrontaran-en-las-paso\/","title":{"rendered":"El Frente de Todos evidenci\u00f3 las diferencias entre los modelos que confrontar\u00e1n en las PASO"},"content":{"rendered":"<p style=\"text-align: center;\"><em><strong>Durante el plenario de la alianza oficialista que tuvo lugar en el Estadio \u00danico de la ciudad de La Plata, Cristina Kirchner, Axel Kicillof, Sergio Massa y M\u00e1ximo Kirchner buscaron respaldar al presidente y dejar en evidencia los dos modelos econ\u00f3micos que confrontar\u00e1n en las pr\u00f3ximas elecciones legislativas<\/strong><\/em><\/p>\n<p>&nbsp;<\/p>\n<p>&nbsp;<\/p>\n<p>&nbsp;<\/p>\n<p>Por segunda vez y en tan solo 48 horas, el presidente Alberto Fern\u00e1ndez y la vicepresidenta Cristina Fern\u00e1ndez de Kirchner volvieron a compartir actividades, en este caso, al encabezar un plenario del Frente de Todos que tuvo lugar en el Estadio \u00danico de La Plata y que cont\u00f3 con la presencia de la plana mayor de la alianza oficialista de la provincia de Buenos Aires y de los principales candidatos a diputados nacionales por ese espacio en el distrito, con el objetivo de afirmar los lineamientos de la campa\u00f1a electoral y de cerrar filas tras el esc\u00e1ndalo por la foto de la celebraci\u00f3n del cumplea\u00f1os en Olivos.<\/p>\n<p>Decididos a preservar y respaldar sin fisuras la alica\u00edda figura del jefe de Estado, Cristina, junto al gobernador bonaerense, Axel Kicillof, el titular de la C\u00e1mara de Diputados, Sergio Massa y el jefe de bloque del Frente de Todos en ese recinto, M\u00e1ximo Kirchner, apuntaron en sus discursos a evidenciar las diferencias entre el modelo de la actual gesti\u00f3n y el de su antecesora.<\/p>\n<p>En ese contexto, la vicepresidenta dijo que \u201ccuando un Gobierno se compromete con su gente, es posible revertir las m\u00e1s profunda de las crisis&#8221; y consider\u00f3 que \u201ctodos tenemos que saber que la vida que queremos, la de disfrutar con nuestros hijos, la de tener un trabajo y un sueldo y un salario que nos alcance\u201d requiere \u201cno de un per\u00edodo, sino de muchos per\u00edodos de gobierno\u201d consecutivos.<\/p>\n<p>Cristina afirm\u00f3 que durante el Gobierno de N\u00e9stor Kirchner a partir de 2003 \u201cven\u00edamos de una crisis muy grave, un endeudamiento muy grande, y luego fuimos construyendo bienestar. Pero el bienestar tambi\u00e9n se construye con decisiones pol\u00edticas\u201d las que siempre \u201cson antip\u00e1ticas para los grandes y poderosos de adentro y de afuera\u201d, precis\u00f3.<\/p>\n<p>En otro tramo, asegur\u00f3 que para la recuperaci\u00f3n del pa\u00eds \u201ctenemos que tener sentados en la Casa Rosada, y en cada una de las C\u00e1maras del Poder Legislativo&#8221; a hombres y mujeres \u201cque est\u00e9n dispuestos a soportar las m\u00e1s grandes presiones y ataques que sufren cada uno de los que queremos que la vida de la gente sea mejor\u201d.<\/p>\n<p>&nbsp;<\/p>\n<p><strong>M\u00e1ximo y los modelos en pugna<\/strong><\/p>\n<p>Previamente y al dar comienzo al plenario del Frente de Todos, M\u00e1ximo Kirchner apunto contra la oposici\u00f3n enrolada en Juntos, a la que acus\u00f3 de &#8220;buscar enga\u00f1ar&#8221; a la sociedad &#8220;tratando de que esta elecci\u00f3n se transforme en una mesa de disputa de poder y en una competencia de vanidades&#8221;.<\/p>\n<p>Se\u00f1al\u00f3 adem\u00e1s, que &#8220;la gente tiene muy fresca c\u00f3mo es la historia&#8221;, al expresar que &#8220;desde el mismo 9 de diciembre de 2015&#8221; el espacio que integra trabaj\u00f3 &#8220;para construir las mayor\u00edas necesarias para defender los intereses de la sociedad&#8221;.<\/p>\n<p>En busca de contrastar los modelos econ\u00f3micos en pugna en estas elecciones, M\u00e1ximo dijo que &#8220;ayer nom\u00e1s ellos apoyaron, trabajaron y descargaron sobre las espaldas de los argentinos\u201d brutales tarifazos \u201cque se fueron comiendo el salario\u201d de los trabajadores, \u201cgenerando una contracci\u00f3n de la econom\u00eda tremenda, que implic\u00f3 p\u00e9rdida de empleo y sus consecuencias&#8221;.<\/p>\n<p>&#8220;Estamos convencido de dar todas las batallas que tengamos que dar para transformar la vida de la gente y eso se hace organizando y debatiendo y una vez que se gana la elecci\u00f3n, gestionando el Estado en favor de la gente sin miedo a ninguna tapa de diario&#8221;, subray\u00f3 el l\u00edder de La Campora.<\/p>\n<p>&nbsp;<\/p>\n<p><strong>Massa apel\u00f3 a un voto de confianza<\/strong><\/p>\n<p>A su turno, Sergio Massa tambi\u00e9n apunt\u00f3 contra la oposici\u00f3n, al sostener que &#8220;no s\u00f3lo en un minuto y medio nos endeudaron por 53 mil millones de d\u00f3lares, sino que se fumaron el Fondo de Garant\u00eda de Sustentabilidad&#8221;.<\/p>\n<p>&#8220;Lo que se vota no es un meme con una peluquita de color ni una buena propaganda\u201d, afirm\u00f3 el presidente de la C\u00e1mara de Diputados, \u201csino qui\u00e9nes son los que se van a sentar en diciembre en el Congreso para discutir cuestiones centrales para la Argentina\u201d.<\/p>\n<p>Consciente de la necesidad de volver a contar con el respaldo del electorado en una elecci\u00f3n crucial en la que se dirimir\u00e1 el poder legislativo a lo largo y ancho del pa\u00eds, dijo que tienen &#8220;pocas semanas para ir a buscar a los argentinos para decirles que sigan confiando en nosotros, que vamos a salir de la pandemia y que vamos a salir de la Argentina que est\u00e1 en el pozo\u201d.<\/p>\n<p>&nbsp;<\/p>\n<p><strong>Alberto pidi\u00f3 no ir a la campa\u00f1a con dudas<\/strong><\/p>\n<p>El cierre de la actividad estuvo a cargo del presidente Alberto Fern\u00e1ndez, qui\u00e9n al referirse a su antecesor en el cargo, Mauricio Macri, dijo que durante su gesti\u00f3n &#8220;se despreci\u00f3 la educaci\u00f3n y la salud p\u00fablica&#8221; y se tom\u00f3 una deuda que &#8220;no se convirti\u00f3 ni en puentes, ni en caminos, ni en escuelas, ni en hospitales&#8221;, dinero que dijo no saber a donde fue a parar.<\/p>\n<p>&#8220;Los grandes medios est\u00e1n enojad\u00edsimos conmigo porque quiero que internet sea un servicio p\u00fablico al que todos puedan acceder. Se enojan, arman tapas, nos lastiman y nos pegan. Pero nosotros seguimos cantando, pese a todo\u201d, asegur\u00f3 el jefe de Estado.<\/p>\n<p>Luego y apelando a la dirigencia del Frente de Todos que competir\u00e1 en las PASO, les dijo: \u201cQuiero pedirles que no vayamos con dudas a la campa\u00f1a, porque la pandemia fue un gran obst\u00e1culo para hacer las cosas con la velocidad que quer\u00edamos hacer\u201d y los inst\u00f3 a no olvidarse del trabajo de su gesti\u00f3n, porque fueron \u201cinmensas todas las medidas que tomamos\u201d.<\/p>\n<p>\u201cNo sientan que la pandemia nos dej\u00f3 paralizados&#8221; advirti\u00f3, porque si bien \u201cnos hizo atajar un sinf\u00edn de penales\u201d, despu\u00e9s, \u201chicimos jugar la pelota y metimos un mont\u00f3n de goles\u201d, se\u00f1al\u00f3 Fern\u00e1ndez en una met\u00e1fora futbolera<\/p>\n<p>Consider\u00f3 tambi\u00e9n que la puerta de salida \u201cest\u00e1 ah\u00ed nom\u00e1s\u201d: &#8220;Tenemos que salir y caminar con toda la esperanza. Hay otra vida, pero la vida que queremos no es la que nos precedi\u00f3\u201d donde \u201cunos pocos p\u00edcaros disfrutaron y millones sufrieron\u201d.<\/p>\n<p>Asegur\u00f3 adem\u00e1s, que el camino de salida de la pandemia ser\u00e1 \u201cpara recuperar el trabajo\u201d y \u201cla dignidad\u201d, porque \u201cqueremos que la Argentina produzca y crezca para que crezcan todos. Nos importa que la salud y la educaci\u00f3n p\u00fablica sean un valor, porque eso nos hizo distintos en el mundo\u201d, concluy\u00f3 el mandatario.<\/p>\n","protected":false},"excerpt":{"rendered":"<p>Durante el plenario de la alianza oficialista que tuvo lugar en el Estadio \u00danico de la ciudad de La Plata, Cristina Kirchner, Axel Kicillof, Sergio Massa y M\u00e1ximo Kirchner buscaron respaldar al presidente y dejar en evidencia los dos modelos econ\u00f3micos que confrontar\u00e1n en las pr\u00f3ximas elecciones legislativas &nbsp; &nbsp; &nbsp; Por segunda vez y en tan solo 48 horas, el presidente Alberto Fern\u00e1ndez y la vicepresidenta Cristina Fern\u00e1ndez de Kirchner volvieron a compartir actividades, en este caso, al encabezar un plenario del Frente de Todos que tuvo lugar en&#8230;<\/p>\n","protected":false},"author":3,"featured_media":76661,"comment_status":"closed","ping_status":"closed","sticky":false,"template":"","format":"standard","meta":[],"categories":[18],"tags":[],"_links":{"self":[{"href":"https:\/\/www.actualidadadiario.com\/index.php\/wp-json\/wp\/v2\/posts\/76660"}],"collection":[{"href":"https:\/\/www.actualidadadiario.com\/index.php\/wp-json\/wp\/v2\/posts"}],"about":[{"href":"https:\/\/www.actualidadadiario.com\/index.php\/wp-json\/wp\/v2\/types\/post"}],"author":[{"embeddable":true,"href":"https:\/\/www.actualidadadiario.com\/index.php\/wp-json\/wp\/v2\/users\/3"}],"replies":[{"embeddable":true,"href":"https:\/\/www.actualidadadiario.com\/index.php\/wp-json\/wp\/v2\/comments?post=76660"}],"version-history":[{"count":1,"href":"https:\/\/www.actualidadadiario.com\/index.php\/wp-json\/wp\/v2\/posts\/76660\/revisions"}],"predecessor-version":[{"id":76662,"href":"https:\/\/www.actualidadadiario.com\/index.php\/wp-json\/wp\/v2\/posts\/76660\/revisions\/76662"}],"wp:featuredmedia":[{"embeddable":true,"href":"https:\/\/www.actualidadadiario.com\/index.php\/wp-json\/wp\/v2\/media\/76661"}],"wp:attachment":[{"href":"https:\/\/www.actualidadadiario.com\/index.php\/wp-json\/wp\/v2\/media?parent=76660"}],"wp:term":[{"taxonomy":"category","embeddable":true,"href":"https:\/\/www.actualidadadiario.com\/index.php\/wp-json\/wp\/v2\/categories?post=76660"},{"taxonomy":"post_tag","embeddable":true,"href":"https:\/\/www.actualidadadiario.com\/index.php\/wp-json\/wp\/v2\/tags?post=76660"}],"curies":[{"name":"wp","href":"https:\/\/api.w.org\/{rel}","templated":true}]}}