{"id":76653,"date":"2021-08-19T13:54:45","date_gmt":"2021-08-19T16:54:45","guid":{"rendered":"https:\/\/www.actualidadadiario.com\/?p=76653"},"modified":"2021-08-19T13:54:45","modified_gmt":"2021-08-19T16:54:45","slug":"mas-provincias-alientan-clases-plenas-por-caida-en-contagios","status":"publish","type":"post","link":"https:\/\/www.actualidadadiario.com\/index.php\/2021\/08\/19\/mas-provincias-alientan-clases-plenas-por-caida-en-contagios\/","title":{"rendered":"M\u00e1s provincias alientan clases plenas por ca\u00edda en contagios"},"content":{"rendered":"<p style=\"text-align: center;\"><em><strong>Estrategias locales auguran flexibilizaci\u00f3n en protocolo sanitario nacional, que fija distancia de 1,5 metros en aulas. CABA y Mendoza abrieron el surco<\/strong><\/em><\/p>\n<p>&nbsp;<\/p>\n<p>&nbsp;<\/p>\n<p>Tras el reciente ingreso a la presencialidad plena en las escuelas de CABA y Mendoza -en clave de autonom\u00eda, y en desaf\u00edo al protocolo sanitario aprobado a nivel nacional-, m\u00e1s provincias se mostraron a favor de avanzar en el retorno -gradual- de la totalidad de los alumnos ante los pizarrones, bajo el formato de \u201cla burbuja es el aula\u201d.<\/p>\n<p>De la mano de la mejora de los par\u00e1metros epidemiol\u00f3gicos, en R\u00edo Negro de hecho arrancar\u00e1n el lunes con presencialidad completa en la educaci\u00f3n inicial y especial, mientras que brotaron se\u00f1ales en pos de transitar esa senda, por caso, desde Santa Fe y Corrientes.<\/p>\n<p>En las \u00faltimas horas, el ministro de Educaci\u00f3n, Nicol\u00e1s Trotta, traz\u00f3 una hoja de ruta que deja abierto un potencial retoque al protocolo sanitario aprobado por el Consejo Federal de Educaci\u00f3n, que define la obligaci\u00f3n de respetar la distancia de 1,5 metros dentro del aula.<\/p>\n<p>\u201cUno de los aspectos que implica el regreso a la presencialidad en el marco de la pandemia incluye el distanciamiento f\u00edsico dentro del aula\u201d, dijo a LT3 de Santa Fe, aunque aclar\u00f3 que \u201ceso no es una medida que llegado a cierto momento no se vaya a modificar\u201d. \u201cPero es una medida extraescolar; la adoptamos a partir de lo que recomendaron los especialistas\u201d, recalc\u00f3, mientras avanza en nuevas conversaciones de cara al inminente nuevo encuentro del CFE, que es el \u00e1mbito que debe aprobar un eventual ajuste en el actual protocolo sanitario en las escuelas.<\/p>\n<p>Desde R\u00edo Negro, la gobernadora Arabela Carreras dio ayer un paso concreto. \u201cEst\u00e1 bajando el nivel de contagios y la cantidad de fallecidos; eso nos alienta y estamos evaluando la vuelta plena de la escolaridad gradualmente para poder ir haciendo evaluaciones\u201d, dijo a LU19. El calendario contempla presencialidad plena desde el lunes en la educaci\u00f3n inicial y especial. El 30 se sumar\u00e1 el primario (jornada simple) y, el 13 de septiembre, el secundario. Por el momento, sin comedores escolares. \u201cLas familias buscan la normalidad en materia educativa, porque el ritmo es otro y la sociedad va recuperando espacios, siempre con aforos y cuidados\u201d, dijo.<\/p>\n<p>Por su parte, en Santa Fe, el secretario de Salud provincial, Jorge Prieto, asegur\u00f3 que \u201c\u00e9ste es el momento\u201d, ante una consulta de El Litoral sobre un potencial retorno a la presencialidad plena. \u201cLa idea es lograr una gradualidad, de tal forma de poder recuperarla en un 100%; creo que \u00e9ste es el momento adecuado, por el n\u00famero de casos y una positividad por debajo del 18%\u201d, afirm\u00f3, aunque dijo que \u201cse est\u00e1 evaluando\u201d el escenario de plazos. En tanto, el correntino Gustavo Vald\u00e9s avanzar\u00eda en la presencialidad plena en septiembre.<\/p>\n","protected":false},"excerpt":{"rendered":"<p>Estrategias locales auguran flexibilizaci\u00f3n en protocolo sanitario nacional, que fija distancia de 1,5 metros en aulas. CABA y Mendoza abrieron el surco &nbsp; &nbsp; Tras el reciente ingreso a la presencialidad plena en las escuelas de CABA y Mendoza -en clave de autonom\u00eda, y en desaf\u00edo al protocolo sanitario aprobado a nivel nacional-, m\u00e1s provincias se mostraron a favor de avanzar en el retorno -gradual- de la totalidad de los alumnos ante los pizarrones, bajo el formato de \u201cla burbuja es el aula\u201d. De la mano de la mejora de&#8230;<\/p>\n","protected":false},"author":3,"featured_media":73020,"comment_status":"closed","ping_status":"closed","sticky":false,"template":"","format":"standard","meta":[],"categories":[2],"tags":[],"_links":{"self":[{"href":"https:\/\/www.actualidadadiario.com\/index.php\/wp-json\/wp\/v2\/posts\/76653"}],"collection":[{"href":"https:\/\/www.actualidadadiario.com\/index.php\/wp-json\/wp\/v2\/posts"}],"about":[{"href":"https:\/\/www.actualidadadiario.com\/index.php\/wp-json\/wp\/v2\/types\/post"}],"author":[{"embeddable":true,"href":"https:\/\/www.actualidadadiario.com\/index.php\/wp-json\/wp\/v2\/users\/3"}],"replies":[{"embeddable":true,"href":"https:\/\/www.actualidadadiario.com\/index.php\/wp-json\/wp\/v2\/comments?post=76653"}],"version-history":[{"count":1,"href":"https:\/\/www.actualidadadiario.com\/index.php\/wp-json\/wp\/v2\/posts\/76653\/revisions"}],"predecessor-version":[{"id":76654,"href":"https:\/\/www.actualidadadiario.com\/index.php\/wp-json\/wp\/v2\/posts\/76653\/revisions\/76654"}],"wp:featuredmedia":[{"embeddable":true,"href":"https:\/\/www.actualidadadiario.com\/index.php\/wp-json\/wp\/v2\/media\/73020"}],"wp:attachment":[{"href":"https:\/\/www.actualidadadiario.com\/index.php\/wp-json\/wp\/v2\/media?parent=76653"}],"wp:term":[{"taxonomy":"category","embeddable":true,"href":"https:\/\/www.actualidadadiario.com\/index.php\/wp-json\/wp\/v2\/categories?post=76653"},{"taxonomy":"post_tag","embeddable":true,"href":"https:\/\/www.actualidadadiario.com\/index.php\/wp-json\/wp\/v2\/tags?post=76653"}],"curies":[{"name":"wp","href":"https:\/\/api.w.org\/{rel}","templated":true}]}}