{"id":76645,"date":"2021-08-19T13:52:08","date_gmt":"2021-08-19T16:52:08","guid":{"rendered":"https:\/\/www.actualidadadiario.com\/?p=76645"},"modified":"2021-08-19T13:52:08","modified_gmt":"2021-08-19T16:52:08","slug":"con-gran-parte-del-fuego-controlado-continua-el-combate-contra-los-incendios","status":"publish","type":"post","link":"https:\/\/www.actualidadadiario.com\/index.php\/2021\/08\/19\/con-gran-parte-del-fuego-controlado-continua-el-combate-contra-los-incendios\/","title":{"rendered":"Con gran parte del fuego controlado contin\u00faa el combate contra los incendios"},"content":{"rendered":"<p style=\"text-align: center;\"><em><strong>Este jueves, los trabajos est\u00e1n centrados en el valle de Calamuchita y Paravachasca, mientras que el foco de incendio, que se ubica entre San Clemente y Potrero de Garay, &#8220;est\u00e1 contenido en un 80%&#8221;, y el de la zona de Inti Yaco Y Athos Pamapa en un 70%<\/strong><\/em><\/p>\n<p>&nbsp;<\/p>\n<p>&nbsp;<\/p>\n<p>Con los principales focos contenidos, contin\u00faa este jueves en C\u00f3rdoba el combate contra los incendios forestales que el mi\u00e9rcoles arrasaron con alrededor de 80 caba\u00f1as en los alrededores de Potrero de Garay y obligaron a evacuar a varias familia, seg\u00fan el informe de la Direcci\u00f3n de Defensa Civil.<\/p>\n<p>Los trabajos se centraban este jueves en el valle de Calamuchita y Paravachasca.<\/p>\n<p>El foco de incendio, que se ubica entre San Clemente y Potrero de Garay, &#8220;est\u00e1 contenido en un 80%, con un per\u00edmetro inestable, con muchos puntos calientes, d\u00f3nde se trabaj\u00f3 toda la noche y se contin\u00faa haci\u00e9ndolo a esta hora&#8221;, manifest\u00f3 a los medios el director de Defensa Civil, Diego Concha.<\/p>\n<p>Asimismo dijo que tambi\u00e9n se encuentra contenido en un 70% el otro incendio importante en la zona de Inti Yaco y Athos Pampa.<\/p>\n<p>Unos 400 efectivos trabajan en ambos lugares, manifest\u00f3 el funcionario y adelant\u00f3 que la tarea de hoy va a depender en gran parte del comportamiento de la rotaci\u00f3n del viento sur. &#8220;Es una zona de mucha forestaci\u00f3n, por lo tanto muy inestable&#8221;, explic\u00f3.<\/p>\n<p>El fuego comenz\u00f3 en la ma\u00f1ana del mi\u00e9rcoles en la zona de Inti Yaco y como consecuencia del viendo se fue extendiendo hacia la localidad de Potrero de Garay y San Clemente.<\/p>\n<p>Desde el municipio de Potrero de Garay informaron que el fuego arras\u00f3 con medio centenar de caba\u00f1as, en su mayor\u00eda de maderas y de fin de semana, de un complejo privado, y al menos otras 30 dispersas en una zona de mucha vegetaci\u00f3n.<\/p>\n<p>Aviones hidrantes y helic\u00f3pteros, de la provincia y enviados por el Gobierno nacional, son parte del operativo de combate, aunque condicionado su tarea al comportamiento clim\u00e1tico: &#8220;La rotaci\u00f3n del viento sur es lo que m\u00e1s nos preocupa para llevar adelante nuestro trabajo&#8221;, sostuvo Concha.<\/p>\n<p>En la tarde del mi\u00e9rcoles, cuando el fuego hab\u00eda alcanzado su mayor intensidad, hubo que evacuar preventivamente a un centenar de habitantes de Athos Pampa, Inti Yaco, Potrero de Garay y San Clemente, quienes fueron regresando progresivamente a sus viviendas.<\/p>\n","protected":false},"excerpt":{"rendered":"<p>Este jueves, los trabajos est\u00e1n centrados en el valle de Calamuchita y Paravachasca, mientras que el foco de incendio, que se ubica entre San Clemente y Potrero de Garay, &#8220;est\u00e1 contenido en un 80%&#8221;, y el de la zona de Inti Yaco Y Athos Pamapa en un 70% &nbsp; &nbsp; Con los principales focos contenidos, contin\u00faa este jueves en C\u00f3rdoba el combate contra los incendios forestales que el mi\u00e9rcoles arrasaron con alrededor de 80 caba\u00f1as en los alrededores de Potrero de Garay y obligaron a evacuar a varias familia, seg\u00fan&#8230;<\/p>\n","protected":false},"author":3,"featured_media":76646,"comment_status":"closed","ping_status":"closed","sticky":false,"template":"","format":"standard","meta":[],"categories":[2],"tags":[],"_links":{"self":[{"href":"https:\/\/www.actualidadadiario.com\/index.php\/wp-json\/wp\/v2\/posts\/76645"}],"collection":[{"href":"https:\/\/www.actualidadadiario.com\/index.php\/wp-json\/wp\/v2\/posts"}],"about":[{"href":"https:\/\/www.actualidadadiario.com\/index.php\/wp-json\/wp\/v2\/types\/post"}],"author":[{"embeddable":true,"href":"https:\/\/www.actualidadadiario.com\/index.php\/wp-json\/wp\/v2\/users\/3"}],"replies":[{"embeddable":true,"href":"https:\/\/www.actualidadadiario.com\/index.php\/wp-json\/wp\/v2\/comments?post=76645"}],"version-history":[{"count":1,"href":"https:\/\/www.actualidadadiario.com\/index.php\/wp-json\/wp\/v2\/posts\/76645\/revisions"}],"predecessor-version":[{"id":76647,"href":"https:\/\/www.actualidadadiario.com\/index.php\/wp-json\/wp\/v2\/posts\/76645\/revisions\/76647"}],"wp:featuredmedia":[{"embeddable":true,"href":"https:\/\/www.actualidadadiario.com\/index.php\/wp-json\/wp\/v2\/media\/76646"}],"wp:attachment":[{"href":"https:\/\/www.actualidadadiario.com\/index.php\/wp-json\/wp\/v2\/media?parent=76645"}],"wp:term":[{"taxonomy":"category","embeddable":true,"href":"https:\/\/www.actualidadadiario.com\/index.php\/wp-json\/wp\/v2\/categories?post=76645"},{"taxonomy":"post_tag","embeddable":true,"href":"https:\/\/www.actualidadadiario.com\/index.php\/wp-json\/wp\/v2\/tags?post=76645"}],"curies":[{"name":"wp","href":"https:\/\/api.w.org\/{rel}","templated":true}]}}