{"id":76634,"date":"2021-08-18T12:55:31","date_gmt":"2021-08-18T15:55:31","guid":{"rendered":"https:\/\/www.actualidadadiario.com\/?p=76634"},"modified":"2021-08-18T12:55:31","modified_gmt":"2021-08-18T15:55:31","slug":"cuando-llegarian-las-mas-de-20-000-netbooks-a-las-secundarias-de-entre-rios","status":"publish","type":"post","link":"https:\/\/www.actualidadadiario.com\/index.php\/2021\/08\/18\/cuando-llegarian-las-mas-de-20-000-netbooks-a-las-secundarias-de-entre-rios\/","title":{"rendered":"Cu\u00e1ndo llegar\u00edan las m\u00e1s de 20.000 netbooks a las secundarias de Entre R\u00edos"},"content":{"rendered":"<p style=\"text-align: center;\"><em><strong>El responsable del CGE explic\u00f3 que \u201ccada escuela realiza la carga nominalizada de cada estudiante sobre la cual se establecer\u00e1n los convenios de entrega de las m\u00e1quinas\u201d. De qu\u00e9 se trata el Plan Federal Juana Manso<\/strong><\/em><\/p>\n<p>&nbsp;<\/p>\n<p>&nbsp;<\/p>\n<p>En el marco de los festejos por los 150 a\u00f1os de vida institucional de la Escuela Normal \u201cJos\u00e9 Mar\u00eda Torres\u201d dependiente de la FHAyCS de UADER, este mi\u00e9rcoles se realizaban las actividades alusivas a la fecha, entre las que se encontraba el descubrimiento de una placa conmemorativa en el hall de la direcci\u00f3n de nivel secundario y de la que participaron autoridades municipales, provinciales y de Educaci\u00f3n.<\/p>\n<p>Al asegurar que \u201cen las pr\u00f3ximas semanas se concretar\u00edan las entregas\u201d, el responsable del CGE explic\u00f3 que \u201ccada escuela realiza la carga nominalizada de cada estudiante sobre la cual se establecer\u00e1n los convenios de entrega de las m\u00e1quinas\u201d.<\/p>\n<p>&nbsp;<\/p>\n<p><strong>Detalles del convenio<\/strong><\/p>\n<p>La provincia adhiere al Plan Federal Juana Manso, en ese marco, la ejecuci\u00f3n de l\u00edneas de acci\u00f3n vinculadas al mencionado, que impliquen la entrega y distribuci\u00f3n del material educativo ser\u00e1 coordinada por el Ministerio de Educaci\u00f3n nacional con la jurisdicci\u00f3n y los equipos directivos de los establecimientos educativos de la provincia.<\/p>\n<p>La provincia recibir\u00e1 en las instituciones educativas hasta un total de 21.346 netbooks que beneficiar\u00e1n a 340 escuelas en esta primera etapa, conforme con los criterios de distribuci\u00f3n objetivos establecidos, y en la medida de la disponibilidad de material tecnol\u00f3gico por parte del Ministerio de Educaci\u00f3n.<\/p>\n<p>La entrega de material tecnol\u00f3gico a las instituciones educativas de la jurisdicci\u00f3n se realizar\u00e1 mediante la suscripci\u00f3n de actas de transferencias que suscribir\u00e1n los directivos de los establecimientos.<\/p>\n<p>Se procurar\u00e1 acordar y desplegar acciones para posibilitar la conectividad tanto de las escuelas cuanto de las netbooks entregadas a estudiantes y docentes, tomando en consideraci\u00f3n la infraestructura tecnol\u00f3gica existente.<\/p>\n<p>La provincia, proporcionar\u00e1 el apoyo institucional, de infraestructura y espacio f\u00edsico requerido para la instalaci\u00f3n del equipamiento inform\u00e1tico y de telecomunicaciones. En cada establecimiento educativo adecuar\u00e1 la infraestructura el\u00e9ctrica al requerimiento de carga y asegurar\u00e1 la provisi\u00f3n de energ\u00eda el\u00e9ctrica para las netbooks educativas en un todo de acuerdo con la pol\u00edtica de uso de dicho equipamiento. Este compromiso incluye tambi\u00e9n la obligaci\u00f3n de atender los gastos corrientes de implementaci\u00f3n y mantenimiento del programa, tales como energ\u00eda el\u00e9ctrica, la funci\u00f3n de referente t\u00e9cnico escolar o soporte de orden local.<\/p>\n<p>El convenio tendr\u00e1 vigencia de dos a\u00f1os, con posibilidad de ser renovado por iguales per\u00edodos hasta un m\u00e1ximo de seis a\u00f1os contados desde su fecha de firma.<\/p>\n","protected":false},"excerpt":{"rendered":"<p>El responsable del CGE explic\u00f3 que \u201ccada escuela realiza la carga nominalizada de cada estudiante sobre la cual se establecer\u00e1n los convenios de entrega de las m\u00e1quinas\u201d. De qu\u00e9 se trata el Plan Federal Juana Manso &nbsp; &nbsp; En el marco de los festejos por los 150 a\u00f1os de vida institucional de la Escuela Normal \u201cJos\u00e9 Mar\u00eda Torres\u201d dependiente de la FHAyCS de UADER, este mi\u00e9rcoles se realizaban las actividades alusivas a la fecha, entre las que se encontraba el descubrimiento de una placa conmemorativa en el hall de la&#8230;<\/p>\n","protected":false},"author":3,"featured_media":76635,"comment_status":"closed","ping_status":"closed","sticky":false,"template":"","format":"standard","meta":[],"categories":[15],"tags":[],"_links":{"self":[{"href":"https:\/\/www.actualidadadiario.com\/index.php\/wp-json\/wp\/v2\/posts\/76634"}],"collection":[{"href":"https:\/\/www.actualidadadiario.com\/index.php\/wp-json\/wp\/v2\/posts"}],"about":[{"href":"https:\/\/www.actualidadadiario.com\/index.php\/wp-json\/wp\/v2\/types\/post"}],"author":[{"embeddable":true,"href":"https:\/\/www.actualidadadiario.com\/index.php\/wp-json\/wp\/v2\/users\/3"}],"replies":[{"embeddable":true,"href":"https:\/\/www.actualidadadiario.com\/index.php\/wp-json\/wp\/v2\/comments?post=76634"}],"version-history":[{"count":1,"href":"https:\/\/www.actualidadadiario.com\/index.php\/wp-json\/wp\/v2\/posts\/76634\/revisions"}],"predecessor-version":[{"id":76636,"href":"https:\/\/www.actualidadadiario.com\/index.php\/wp-json\/wp\/v2\/posts\/76634\/revisions\/76636"}],"wp:featuredmedia":[{"embeddable":true,"href":"https:\/\/www.actualidadadiario.com\/index.php\/wp-json\/wp\/v2\/media\/76635"}],"wp:attachment":[{"href":"https:\/\/www.actualidadadiario.com\/index.php\/wp-json\/wp\/v2\/media?parent=76634"}],"wp:term":[{"taxonomy":"category","embeddable":true,"href":"https:\/\/www.actualidadadiario.com\/index.php\/wp-json\/wp\/v2\/categories?post=76634"},{"taxonomy":"post_tag","embeddable":true,"href":"https:\/\/www.actualidadadiario.com\/index.php\/wp-json\/wp\/v2\/tags?post=76634"}],"curies":[{"name":"wp","href":"https:\/\/api.w.org\/{rel}","templated":true}]}}