{"id":76626,"date":"2021-08-18T12:52:49","date_gmt":"2021-08-18T15:52:49","guid":{"rendered":"https:\/\/www.actualidadadiario.com\/?p=76626"},"modified":"2021-08-18T12:52:49","modified_gmt":"2021-08-18T15:52:49","slug":"con-fondos-provinciales-se-construyen-viviendas-en-chajari-y-otras-localidades-entrerrianas","status":"publish","type":"post","link":"https:\/\/www.actualidadadiario.com\/index.php\/2021\/08\/18\/con-fondos-provinciales-se-construyen-viviendas-en-chajari-y-otras-localidades-entrerrianas\/","title":{"rendered":"Con fondos provinciales se construyen viviendas en Chajar\u00ed y otras localidades entrerrianas"},"content":{"rendered":"<p style=\"text-align: center;\"><em><strong>Con diversos grados de avance, se ejecutan 74 viviendas en Crespo, General Racedo, Chajar\u00ed, Rocamora y General Campos que construye la provincia a trav\u00e9s del Instituto Aut\u00e1rquico de Planeamiento y Vivienda (IAPV) con fondos propios<\/strong><\/em><\/p>\n<p>&nbsp;<\/p>\n<p>&nbsp;<\/p>\n<p>Al respecto, el titular del IAPV, Marcelo Bisogni dijo que \u201cestamos trabajando en cada rinc\u00f3n de la provincia para mejorar la calidad de vida de todos los vecinos, haciendo realidad uno de sus m\u00e1s importantes sue\u00f1os, el acceso a la vivienda propia, base fundamental del desarrollo de la familia\u201d.<\/p>\n<p>Luego, indic\u00f3 que \u00abla construcci\u00f3n de nuevas viviendas tiene el potencial de constituirse en un importante motor de crecimiento econ\u00f3mico para tener una mejor inclusi\u00f3n social y lograr la consolidaci\u00f3n del hogar como n\u00facleo familiar, generando mayor equidad social y un apoyo a la expansi\u00f3n de la industria de la construcci\u00f3n, siendo la vivienda una fuente intensiva en la creaci\u00f3n de puestos de trabajo\u00bb.<\/p>\n<p>Valor\u00f3 \u00abla decisi\u00f3n pol\u00edtica del gobernador Gustavo Bordet para que la vivienda contin\u00fae siendo uno de los motores de la econom\u00eda en la provincia para fortalecer la familia, llevar trabajo y brindarle la seguridad del techo propio\u00bb.<\/p>\n<p>\u00abEste programa se sostiene con los recursos de todos los entrerrianos, para poder incentivar la actividad econ\u00f3mica regional, generar fuentes de trabajo y sobre todo, garantizar el derecho de todos los entrerrianos de acceder a una vivienda digna, en la cual criar a sus hijos y garantizar estabilidad y seguridad\u00bb, afirm\u00f3 Bisogni.<\/p>\n<p>&nbsp;<\/p>\n<p><strong>Detalles de las obras<\/strong><\/p>\n<p><strong>Crespo 22 viviendas<\/strong><\/p>\n<p>La constructora Ingeniero Quaranta S.A, lleva adelante la construcci\u00f3n de las viviendas. Se est\u00e1n ejecutando cuatro viviendas monoambientes, 9 viviendas de un dormitorio y 9 viviendas de dos dormitorios, dos de ellas equipadas para situaciones especiales de discapacidad.<\/p>\n<p>&nbsp;<\/p>\n<p><strong>General Racedo 20 viviendas<\/strong><\/p>\n<p>La empresa Bidner Constructora SRL, lleva adelante la construcci\u00f3n de las viviendas en General Racedo, que cuentan con dos dormitorios, comedor, cocina y ba\u00f1o, .dos de ellos equipados para situaciones especiales de discapacidad.<\/p>\n<p>&nbsp;<\/p>\n<p><strong>Chajar\u00ec 12 viviendas de madera<\/strong><\/p>\n<p>La empresa Sandra Catalina Flores , lleva adelante la construcci\u00f3n de 12 viviendas. El modelo de vivienda que se dise\u00f1\u00f3 es de dos dormitorios de 51,55 m2, tiene instalaci\u00f3n el\u00e9ctrica completa, previendo TV, tel\u00e9fono y\/o Internet, como as\u00ed tambi\u00e9n instalaci\u00f3n de gas y adem\u00e0s se colocar\u00e1 un termotanque solar que permitir\u00e1 el ahorro energ\u00e9tico.<\/p>\n<p>&nbsp;<\/p>\n<p><strong>Rocamora 10 viviendas<\/strong><\/p>\n<p>La firma Verco S.A , ejecuta la terminaci\u00f3n de 10 viviendas. De los cuales; dos son viviendas monoambientes, cuatro viviendas de un dormitorio; y cuatro de dos dormitorios, una de ellas equipadas para situaciones especiales de discapacidad.<\/p>\n<p>&nbsp;<\/p>\n<p><strong>General Campos 10 viviendas<\/strong><\/p>\n<p>El municipio lleva adelante la continuidad de la obra con financiamiento provincial.Cuentan con dos dormitorios, comedor, cocina y ba\u00f1o, una de ellas equipadas para situaciones especiales de discapacidad<\/p>\n","protected":false},"excerpt":{"rendered":"<p>Con diversos grados de avance, se ejecutan 74 viviendas en Crespo, General Racedo, Chajar\u00ed, Rocamora y General Campos que construye la provincia a trav\u00e9s del Instituto Aut\u00e1rquico de Planeamiento y Vivienda (IAPV) con fondos propios &nbsp; &nbsp; Al respecto, el titular del IAPV, Marcelo Bisogni dijo que \u201cestamos trabajando en cada rinc\u00f3n de la provincia para mejorar la calidad de vida de todos los vecinos, haciendo realidad uno de sus m\u00e1s importantes sue\u00f1os, el acceso a la vivienda propia, base fundamental del desarrollo de la familia\u201d. Luego, indic\u00f3 que \u00abla&#8230;<\/p>\n","protected":false},"author":3,"featured_media":75255,"comment_status":"closed","ping_status":"closed","sticky":false,"template":"","format":"standard","meta":[],"categories":[15],"tags":[],"_links":{"self":[{"href":"https:\/\/www.actualidadadiario.com\/index.php\/wp-json\/wp\/v2\/posts\/76626"}],"collection":[{"href":"https:\/\/www.actualidadadiario.com\/index.php\/wp-json\/wp\/v2\/posts"}],"about":[{"href":"https:\/\/www.actualidadadiario.com\/index.php\/wp-json\/wp\/v2\/types\/post"}],"author":[{"embeddable":true,"href":"https:\/\/www.actualidadadiario.com\/index.php\/wp-json\/wp\/v2\/users\/3"}],"replies":[{"embeddable":true,"href":"https:\/\/www.actualidadadiario.com\/index.php\/wp-json\/wp\/v2\/comments?post=76626"}],"version-history":[{"count":1,"href":"https:\/\/www.actualidadadiario.com\/index.php\/wp-json\/wp\/v2\/posts\/76626\/revisions"}],"predecessor-version":[{"id":76627,"href":"https:\/\/www.actualidadadiario.com\/index.php\/wp-json\/wp\/v2\/posts\/76626\/revisions\/76627"}],"wp:featuredmedia":[{"embeddable":true,"href":"https:\/\/www.actualidadadiario.com\/index.php\/wp-json\/wp\/v2\/media\/75255"}],"wp:attachment":[{"href":"https:\/\/www.actualidadadiario.com\/index.php\/wp-json\/wp\/v2\/media?parent=76626"}],"wp:term":[{"taxonomy":"category","embeddable":true,"href":"https:\/\/www.actualidadadiario.com\/index.php\/wp-json\/wp\/v2\/categories?post=76626"},{"taxonomy":"post_tag","embeddable":true,"href":"https:\/\/www.actualidadadiario.com\/index.php\/wp-json\/wp\/v2\/tags?post=76626"}],"curies":[{"name":"wp","href":"https:\/\/api.w.org\/{rel}","templated":true}]}}