{"id":76620,"date":"2021-08-18T12:50:54","date_gmt":"2021-08-18T15:50:54","guid":{"rendered":"https:\/\/www.actualidadadiario.com\/?p=76620"},"modified":"2021-08-18T12:50:54","modified_gmt":"2021-08-18T15:50:54","slug":"se-firmaron-convenios-para-la-ejecucion-de-obras-en-seis-localidades-entrerrianas","status":"publish","type":"post","link":"https:\/\/www.actualidadadiario.com\/index.php\/2021\/08\/18\/se-firmaron-convenios-para-la-ejecucion-de-obras-en-seis-localidades-entrerrianas\/","title":{"rendered":"Se firmaron convenios para la ejecuci\u00f3n de obras en seis localidades entrerrianas"},"content":{"rendered":"<p style=\"text-align: center;\"><em><strong>Este martes, la vicegobernadora Laura Stratta encabez\u00f3 el acto de firma de convenios para la ejecuci\u00f3n de obras en Ibicuy, Santa Anita, Aldea Brasilera, Strobel, Viale y Villa del Rosario, con una inversi\u00f3n superior a los 228 millones de pesos<\/strong><\/em><\/p>\n<p>&nbsp;<\/p>\n<p>&nbsp;<\/p>\n<p>De la ceremonia particip\u00f3 el ministro de Planeamiento Infraestructura y Servicios, Marcelo Richard; la secretaria de Energ\u00eda, Silvana Guerra; el subsecretario de Arquitectura, Walter Dandeu y el director general de Hidr\u00e1ulica, Cristian Gietz.<\/p>\n<p>\u201cEl gobernador siempre recorre la provincia y nos insta permanentemente, a su equipo de gobierno a que escuchemos cuales son las demandas de nuestros territorios y a transformar esas demandas en respuestas concretas, en pol\u00edticas p\u00fablicas concretas y en obras que mejoren la calidad de vida\u201d, indic\u00f3 la vicegobernadora Laura Stratta en la ceremonia, al tiempo que dio cuenta que \u201cpara eso hay todo un trabajo detr\u00e1s que se necesita, que es el que ustedes mencionaron, el trabajo articulado entre el gobierno nacional, gobierno provincial y los gobiernos locales\u201d, expres\u00f3.<\/p>\n<p>\u201cEs un trabajo que tiene que ver con el federalismo en los hechos no en las palabras, porque a veces nos quejamos de que no se federaliza desde Buenos Aires, pero cuando nos toca gobernar nos concentramos en las ciudades grandes y no en las chiquitas. En este caso, el gobernador ha tenido siempre un sello distintivo que es llegar a cada rinc\u00f3n del territorio, que no haya ciudadanos de primera y de segunda sino que cada entrerriano y entrerriana necesita que el Estado est\u00e9 presente\u201d, afirm\u00f3.<\/p>\n<p>\u201cConstruir Estado en este tiempo de pandemia fue muy dificultoso, pero si hab\u00eda una convicci\u00f3n clara que era enfrentar la pandemia, preservar la vida, pero tambi\u00e9n sostener la obra p\u00fablica, porque la obra p\u00fablica genera trabajo y lleva alivio. Era sostener el sistema sanitario para que todos los entrerrianos y entrerrianas pudieran ser atendidos. Era trabajar pol\u00edticas p\u00fablicas para mitigar el impacto que ten\u00eda en los distintos sectores de la econom\u00eda\u201d, acot\u00f3 la vicegobernadora, quien agreg\u00f3 que \u201cera imaginarse tambi\u00e9n el escenario de pos pandemia con una econom\u00eda que se va abriendo gracias a que llevamos adelante la campa\u00f1a de vacunaci\u00f3n m\u00e1s importante de toda la historia de la Argentina y de la provincia&#8221;.<\/p>\n<p>La vicegobernadora resalt\u00f3 &#8220;el trabajo articulado, el trabajo en territorio, el escuchar las demandas, el cumplir con la palabra, el poder desarrollar infraestructura educativa, pensar en la ampliaci\u00f3n de la red de gas, en las definiciones que marcan los intendentes cuando dicen este barrio se inunda, ac\u00e1 necesito pavimento, ac\u00e1 cord\u00f3n cuneta, gas, ese trabajo mancomunado entre esas demandas, los legisladores y el gobierno provincial siempre redundan en respuestas integrales a las grandes demandas que tenemos como sociedad&#8221;.<\/p>\n<p>Stratta dijo estar &#8220;feliz de poder estar compartiendo este momento con ustedes que tiene que ver con la decisi\u00f3n pol\u00edtica del gobernador Bordet y del presidente Fern\u00e1ndez, tambi\u00e9n a quien le agradecemos porque muchas obras que podemos impulsar desde la provincia las podemos hacer porque desde el gobierno nacional se gestionan e impulsan obras que nos permiten descomprimir el presupuesto provincial para hacernos cargo de lo que nos corresponde&#8221;.<\/p>\n<p>Por \u00faltimo, felicit\u00f3 a &#8220;todos&#8221;, y destac\u00f3 que &#8220;estas obras tienen que ver con realizaciones de nuestras comunidades y para nosotros que creemos que la pol\u00edtica repara, transforma, hoy es un d\u00eda de celebraci\u00f3n porque estamos reparando y transformando&#8221;.<\/p>\n<p>&nbsp;<\/p>\n<p><strong>Respondiendo demandas<\/strong><\/p>\n<p>La secretaria de Energ\u00eda, Silvina Guerra, dijo que &#8220;estamos entregando los decretos de todas las obras, de toda la infraestructura energ\u00e9tica en general&#8221;.<\/p>\n<p>Destac\u00f3 &#8220;el trabajo conjunto con los legisladores y los intendentes que son los que traen la demanda de la poblaci\u00f3n, de los usuarios residenciales en el caso de las ciudades, y de los rurales tambi\u00e9n, en el caso de la electrificaci\u00f3n rural&#8221;.<\/p>\n<p>Puso de manifiesto &#8220;el trabajo importante y en conjunto es lo que nos hace llegar a buen puerto, r\u00e1pido y con soluciones concretas&#8221;.<\/p>\n<p>Inform\u00f3 que &#8220;de estas dos obras se publica ahora el llamado a licitaci\u00f3n y se estar\u00e1n abriendo los sobres la semana del 20 de septiembre aproximadamente, y trataremos de adjudicarlas de ah\u00ed hay cinco d\u00edas m\u00e1s y la firma de contrato antes de fin de a\u00f1o, es lo que nos ha pedido el gobernador&#8221;.<\/p>\n<p>Tambi\u00e9n participaron los senadores provinciales Horacio Amavet (Uruguay), Daniel Olano (Islas del Ibicuy), Claudia Gieco (Diamante) y Juan Carlos Kloss (Paran\u00e1), adem\u00e1s de los diputados provinciales Gustavo Zaballo y Vanesa Castillo. Tambi\u00e9n estuvieron presentes los intendentes de Ibicuy, Gustavo Roldan; de Diamante, Juan Carlos Darrichon; de Santa Anita, Juan Amavet; de Viale, Carlos Weis; de Villa del Rosario, Vanina Perini,y el viceintendente de Aldea Brasilera, Carlos Gareis.<\/p>\n<p>&nbsp;<\/p>\n<p><strong>Nuevo edificio escolar para Ibicuy<\/strong><\/p>\n<p>En la ceremonia, se firm\u00f3 el contrato para la obra de la nueva escuela de Educaci\u00f3n Integral 32 Alcanc\u00eda de Ilusiones de Ibicuy. La empresa adjudicataria es Cemyc, con un presupuesto de 74,6 millones de pesos. Plazo de obra: 1 a\u00f1o.<\/p>\n<p>La escuela especial N\u00aa 32 Alcanc\u00eda de Ilusiones, fue creada en el a\u00f1o 1991, y cuenta con el servicio de integraci\u00f3n\/inclusi\u00f3n dentro de sus especialidades, llevando adelante las tareas de alfabetizaci\u00f3n, orientaci\u00f3n vocacional, talleres de formaci\u00f3n laboral en auxiliar panadero y mantenimiento general.<\/p>\n<p>La obra proyectada propone la construcci\u00f3n de sector de gobierno, sala de docentes, dos aulas comunes, dos aulas taller con ba\u00f1o accesible, grupo sanitario que incluye un ba\u00f1o con accesibilidad, cocina, comedor y patio.<\/p>\n<p>El intendente de Ibicuy, Gustavo Roldan; agradeci\u00f3 en nombre de toda la comunidad por la obra y apunt\u00f3: &#8220;Desde Ibicuy celebramos que esto ocurra, hemos sido con buenos ojos por el gobernador\u201d, manifest\u00f3 y agreg\u00f3: \u201cCelebramos que esto pase en nuestra localidad, esta es una escuela para chicos con capacidades diferentes, que lo est\u00e1bamos esperando hace muchos a\u00f1os y gracias a la gesti\u00f3n que hemos emprendido desde el 2019 que asumimos, junto al senador Daniel Orlando, que siempre nos gestiona y acompa\u00f1a en cada pedido que nosotros realizamos\u201d.<\/p>\n<p>&nbsp;<\/p>\n<p><strong>Desag\u00fces pluviales para Santa Anita<\/strong><\/p>\n<p>Tambi\u00e9n se firm\u00f3 el contrato para la obra desag\u00fces pluviales (cord\u00f3n cuneta) Santa Anita. La empresa adjudicataria es Copul, con un presupuesto de 5,6 millones de pesos. Se ejecutar\u00e1n cordones cunetas sobre calles Hern\u00e1ndez y Ram\u00edrez hasta Fraternidad, de manera de completar el escurrimiento controlado de un sector de la zona Oeste de la localidad.<\/p>\n<p>El intendente de Santa Anita, Juan Amavet, agradeci\u00f3 al gobernador &#8220;por esta oportunidad&#8221; y por la obra: &#8220;Para nosotros este tipo de obras de infraestructura, como es cord\u00f3n cuneta que son m\u00e1s de 5,5 millones de pesos, para una peque\u00f1a localidad como la nuestra de 2.000 habitantes es una obra muy importante que presupuestariamente nos ayuda mucho para poder llegar a todos los vecinos&#8221;.<\/p>\n<p>Coment\u00f3 que &#8220;nos hab\u00edamos propuesto terminar esta gesti\u00f3n, alcanzando el 100 por ciento del cord\u00f3n cuneta en la localidad&#8221;.<\/p>\n<p>&#8220;Esta obra junto con otra de Naci\u00f3n que estamos gestionando tambi\u00e9n con Marcelo, vamos a llegar al 85 por ciento, as\u00ed que estamos muy contentos&#8221;, apunt\u00f3.<\/p>\n<p>Finalmente, dijo que &#8220;el gobernador se ha propuesto llegar a todas las localidades, independientemente de la cantidad de habitantes y esto es un ejemplo de eso&#8221;.<\/p>\n<p>&nbsp;<\/p>\n<p><strong>Desag\u00fces pluviales para Aldea Brasilera<\/strong><\/p>\n<p>Adem\u00e1s, se firm\u00f3 el contrato para la obra desag\u00fces pluviales (cord\u00f3n cuneta) Aldea Brasilera. La empresa adjudicataria es Cabrol, con un presupuesto de 7,9 millones de pesos.<\/p>\n<p>La zona de intervenci\u00f3n del presente Proyecto abarca la calle Alfonsina Storni desde el cuartel de bomberos hasta calle Corrientes y dos calles perpendiculares a la misma (C\u00f3rdoba y Lavalle). A la fecha de realizaci\u00f3n del proyecto ejecutivo estas arterias no est\u00e1n pavimentadas, solamente cuentan con un mejoramiento de broza. El Proyecto consiste en la realizaci\u00f3n de 663 metros lineales de cord\u00f3n cuneta y 8 badenes de Hormig\u00f3n armado.<\/p>\n<p>&nbsp;<\/p>\n<p><strong>Llamado a licitaci\u00f3n para Str\u00f3bel<\/strong><\/p>\n<p>En la oportunidad, se entreg\u00f3 el llamado a licitaci\u00f3n para la obra de gas natural en Str\u00f3bel, con un presupuesto de 44,6 millones de pesos, para el tendido de 9415 metros de ca\u00f1os de polietileno de diferentes di\u00e1metros, lo que permitir\u00e1 a 450 frentistas, entre familias y emprendimientos comerciales y productivos, contar con el suministro.<\/p>\n<p>El intendente de Diamante, Juan Carlos Darrich\u00f3n, destac\u00f3 que son obras &#8220;que le cambian la vida a la gente, estamos hablando de una obra de 9500 metros para Strobel, esto era una necesidad que lo planteaban los vecinos y hoy poder contar con esto gracias a la decisi\u00f3n pol\u00edtica de nuestro gobernador va a ser muy importante&#8221;.<\/p>\n<p>Agreg\u00f3 que &#8220;es una localidad que ha crecido mucho y tambi\u00e9n estamos trabajando en la ampliaci\u00f3n de una escuela&#8221;. Subray\u00f3: &#8220;Estamos muy felices porque esto redunda en beneficio para la comunidad&#8221;, y salud\u00f3 al gobernador Bordet porque &#8220;es un hombre de palabra, esto se lo pedimos en campa\u00f1a. Y como dice \u00e9l trabaja para todos los entrerrianos m\u00e1s all\u00e1 del color pol\u00edtico&#8221;.<\/p>\n<p>&nbsp;<\/p>\n<p><strong>Gas natural para Viale<\/strong><\/p>\n<p>Se entreg\u00f3 el decreto para el llamado a licitaci\u00f3n para la obra de gas natural en Viale, que tiene un presupuesto de 40,3 millones de pesos, para el tendido de 9380 metros de ca\u00f1os de polietileno de diferentes di\u00e1metros, que beneficiar\u00e1 a 400 frentistas, entre familias y emprendimientos comerciales y productivos.<\/p>\n<p>Tras la entrega, el intendente de Viale, Carlos Weiss, agradeci\u00f3 \u201cprincipalmente una obra tan importante y necesaria para nuestra localidad de Viale&#8221;, manifest\u00f3 al tiempo que agradeci\u00f3 al diputado Zaballo y a toda la gesti\u00f3n del gobernador.<\/p>\n<p>En ese orden, coment\u00f3 cuando el gobernador los visit\u00f3 el a\u00f1o pasado en el marco de la fiesta Nacional de Asado con cuero que se realiz\u00f3 de manera virtual, \u201cle dije que ten\u00eda algunas necesidades la localidad y era la de gas natural\u201d, record\u00f3.<\/p>\n<p>\u201cEsto prontamente sali\u00f3 y hoy es un hecho\u201d, destac\u00f3 al tiempo que agradeci\u00f3, al gobernador, a la vice gobernadora y a todo el equipo de planeamiento \u201cque nos ha acompa\u00f1ado intensamente en este a\u00f1o y medio de gesti\u00f3n. Tengo que decir que sin miramientos de ideolog\u00edas pol\u00edticas, as\u00ed que eso tambi\u00e9n est\u00e1 bueno, porque es un equipo de trabajo de Naci\u00f3n, provincia y municipio y esto nos lleva a calidad de vida de los vecinos que es el objetivo final nuestro\u201d, valor\u00f3<\/p>\n<p>Agradeci\u00f3, tambi\u00e9n a la secretaria de Energ\u00eda, Silvina Guerra \u201cque con ella tuvimos el acompa\u00f1amiento constante y a todo el equipo t\u00e9cnico de la secretar\u00eda de Energ\u00eda\u201d.<\/p>\n<p>Por \u00faltimo, cont\u00f3 que \u201cen la campa\u00f1a muchos vecinos nos ped\u00edan que era una necesidad la ampliaci\u00f3n de la red de gas natural y obviamente es que trabajamos sobre esto. Es una realidad y prontamente van a contar con el servicio y con algunas otras obras pendientes que estamos trabajando en conjunto\u201d, enfatiz\u00f3.<\/p>\n<p>&nbsp;<\/p>\n<p><strong>Desag\u00fces pluviales para Villa del Rosario<\/strong><\/p>\n<p>En la ceremonia se entreg\u00f3 el decreto de adjudicaci\u00f3n de la obra desag\u00fces pluviales barrio San Cayetano, Villa del Rosario. La empresa adjudicataria es Dos Arroyos, con un presupuesto de 55,1 millones de pesos.<\/p>\n<p>La obra que se licitar\u00e1 se hace con el objetivo de dar soluci\u00f3n a la problem\u00e1tica de desag\u00fces pluviales existentes en el barrio San Cayetano (Villa del Rosario-E.R.).<\/p>\n<p>Actualmente, los vecinos del barrio sufren anegamientos por lluvias de variada intensidad, observ\u00e1ndose en la zona un pasivo de infraestructura de desag\u00fces pluviales que podr\u00eda resultar del deficiente manejo sobre la cuenca.<\/p>\n<p>Las obras propuestas buscan remediar esta situaci\u00f3n, mejorando la red de drenaje y optimizando el escurrimiento superficial de los planos de aportes hacia los puntos de captaci\u00f3n.<\/p>\n","protected":false},"excerpt":{"rendered":"<p>Este martes, la vicegobernadora Laura Stratta encabez\u00f3 el acto de firma de convenios para la ejecuci\u00f3n de obras en Ibicuy, Santa Anita, Aldea Brasilera, Strobel, Viale y Villa del Rosario, con una inversi\u00f3n superior a los 228 millones de pesos &nbsp; &nbsp; De la ceremonia particip\u00f3 el ministro de Planeamiento Infraestructura y Servicios, Marcelo Richard; la secretaria de Energ\u00eda, Silvana Guerra; el subsecretario de Arquitectura, Walter Dandeu y el director general de Hidr\u00e1ulica, Cristian Gietz. \u201cEl gobernador siempre recorre la provincia y nos insta permanentemente, a su equipo de gobierno&#8230;<\/p>\n","protected":false},"author":3,"featured_media":76621,"comment_status":"closed","ping_status":"closed","sticky":false,"template":"","format":"standard","meta":[],"categories":[15],"tags":[],"_links":{"self":[{"href":"https:\/\/www.actualidadadiario.com\/index.php\/wp-json\/wp\/v2\/posts\/76620"}],"collection":[{"href":"https:\/\/www.actualidadadiario.com\/index.php\/wp-json\/wp\/v2\/posts"}],"about":[{"href":"https:\/\/www.actualidadadiario.com\/index.php\/wp-json\/wp\/v2\/types\/post"}],"author":[{"embeddable":true,"href":"https:\/\/www.actualidadadiario.com\/index.php\/wp-json\/wp\/v2\/users\/3"}],"replies":[{"embeddable":true,"href":"https:\/\/www.actualidadadiario.com\/index.php\/wp-json\/wp\/v2\/comments?post=76620"}],"version-history":[{"count":1,"href":"https:\/\/www.actualidadadiario.com\/index.php\/wp-json\/wp\/v2\/posts\/76620\/revisions"}],"predecessor-version":[{"id":76622,"href":"https:\/\/www.actualidadadiario.com\/index.php\/wp-json\/wp\/v2\/posts\/76620\/revisions\/76622"}],"wp:featuredmedia":[{"embeddable":true,"href":"https:\/\/www.actualidadadiario.com\/index.php\/wp-json\/wp\/v2\/media\/76621"}],"wp:attachment":[{"href":"https:\/\/www.actualidadadiario.com\/index.php\/wp-json\/wp\/v2\/media?parent=76620"}],"wp:term":[{"taxonomy":"category","embeddable":true,"href":"https:\/\/www.actualidadadiario.com\/index.php\/wp-json\/wp\/v2\/categories?post=76620"},{"taxonomy":"post_tag","embeddable":true,"href":"https:\/\/www.actualidadadiario.com\/index.php\/wp-json\/wp\/v2\/tags?post=76620"}],"curies":[{"name":"wp","href":"https:\/\/api.w.org\/{rel}","templated":true}]}}