{"id":76617,"date":"2021-08-18T12:49:46","date_gmt":"2021-08-18T15:49:46","guid":{"rendered":"https:\/\/www.actualidadadiario.com\/?p=76617"},"modified":"2021-08-18T12:49:46","modified_gmt":"2021-08-18T15:49:46","slug":"economia-y-campana-ejes-del-plenario-que-vuelve-a-reunir-a-alberto-y-cristina","status":"publish","type":"post","link":"https:\/\/www.actualidadadiario.com\/index.php\/2021\/08\/18\/economia-y-campana-ejes-del-plenario-que-vuelve-a-reunir-a-alberto-y-cristina\/","title":{"rendered":"Econom\u00eda y campa\u00f1a, ejes del plenario que vuelve a reunir  a Alberto y Cristina"},"content":{"rendered":"<p style=\"text-align: center;\"><em><strong>Participar\u00e1n adem\u00e1s del acto en el Estadio \u00danico de la Plata el gobernador Axel Kicillof,el presidente de la C\u00e1mara de Diputados Sergio Massa y el jefe del bloque del Frente de Todos, M\u00e1ximo Kirchner, para afinar los ejes de la campa\u00f1a electoral<\/strong><\/em><\/p>\n<p>&nbsp;<\/p>\n<p>&nbsp;<\/p>\n<p>&nbsp;<\/p>\n<p>Una nueva foto de unidad del Frente de Todos tendr\u00e1 lugar hoy en La Plata, cuando vuelvan a mostrarse juntos el presidente Alberto Fern\u00e1ndez, la vicepresidenta Cristina Fern\u00e1ndez de Kirchner, el gobernador bonaerense, Axel Kicillof; el presidente de la C\u00e1mara de Diputados, Sergio Massa; y el jefe del bloque del Frente de Todos (FdT) en ese cuerpo legislativo, M\u00e1ximo Kirchner. Juntos encabezar\u00e1n este mi\u00e9rcoles un plenario en el Estadio \u00danico de La Plata para delinear los ejes de la campa\u00f1a electoral y repasar la gesti\u00f3n, a tres semanas de las PASO del 12 de septiembre.<\/p>\n<p>El encuentro iniciar\u00e1 a las 11.30 en el estadio &#8220;Diego Armando Maradona&#8221;, en la periferia platense, hasta donde llegar\u00e1n legisladores nacionales y provinciales, funcionarios, intendentes, concejales y dirigentes del FdT bonaerense, entre otros asistentes.<\/p>\n<p>Los referentes trabajar\u00e1n sobre las &#8220;l\u00edneas de campa\u00f1a&#8221; del oficialismo y efectuar\u00e1n, adem\u00e1s, un &#8220;repaso de los logros de las gestiones nacional y provincial&#8221;, a\u00f1adieron las fuentes.<\/p>\n<p>El FdT continuar\u00e1 su campa\u00f1a en la provincia con ternas compuestas por distintos precandidatos, adem\u00e1s de funcionarios, con el objetivo de lograr un &#8220;amplio despliegue territorial&#8221; y abarcar todos los distritos bonaerenses. En este sentido, la intenci\u00f3n del comando de campa\u00f1a pol\u00edtica es que estas visitas se dividan por &#8220;ejes tem\u00e1ticos&#8221; delimitados como &#8220;prioridad&#8221; ante la demanda social, adelantaron fuentes del espacio.<\/p>\n<p>Bajo esta mirada, las visitas se dividir\u00e1n por &#8220;ejes tem\u00e1ticos&#8221; delimitados como &#8220;prioridad&#8221; ante la demanda social. En la provincia de Buenos Aires se desplegar\u00e1 la apuesta del Frente de Todos en la elecci\u00f3n de medio t\u00e9rmino y ser\u00e1 importante, para el gobierno de Kicillof, el desempe\u00f1o electoral en el interior bonaerense, sobre todo por el impacto que tendr\u00e1 en la composici\u00f3n 2021-2023 del Senado bonaerense, donde hoy tiene mayor\u00eda Juntos por el Cambio.<\/p>\n","protected":false},"excerpt":{"rendered":"<p>Participar\u00e1n adem\u00e1s del acto en el Estadio \u00danico de la Plata el gobernador Axel Kicillof,el presidente de la C\u00e1mara de Diputados Sergio Massa y el jefe del bloque del Frente de Todos, M\u00e1ximo Kirchner, para afinar los ejes de la campa\u00f1a electoral &nbsp; &nbsp; &nbsp; Una nueva foto de unidad del Frente de Todos tendr\u00e1 lugar hoy en La Plata, cuando vuelvan a mostrarse juntos el presidente Alberto Fern\u00e1ndez, la vicepresidenta Cristina Fern\u00e1ndez de Kirchner, el gobernador bonaerense, Axel Kicillof; el presidente de la C\u00e1mara de Diputados, Sergio Massa; y&#8230;<\/p>\n","protected":false},"author":3,"featured_media":76618,"comment_status":"closed","ping_status":"closed","sticky":false,"template":"","format":"standard","meta":[],"categories":[18],"tags":[],"_links":{"self":[{"href":"https:\/\/www.actualidadadiario.com\/index.php\/wp-json\/wp\/v2\/posts\/76617"}],"collection":[{"href":"https:\/\/www.actualidadadiario.com\/index.php\/wp-json\/wp\/v2\/posts"}],"about":[{"href":"https:\/\/www.actualidadadiario.com\/index.php\/wp-json\/wp\/v2\/types\/post"}],"author":[{"embeddable":true,"href":"https:\/\/www.actualidadadiario.com\/index.php\/wp-json\/wp\/v2\/users\/3"}],"replies":[{"embeddable":true,"href":"https:\/\/www.actualidadadiario.com\/index.php\/wp-json\/wp\/v2\/comments?post=76617"}],"version-history":[{"count":1,"href":"https:\/\/www.actualidadadiario.com\/index.php\/wp-json\/wp\/v2\/posts\/76617\/revisions"}],"predecessor-version":[{"id":76619,"href":"https:\/\/www.actualidadadiario.com\/index.php\/wp-json\/wp\/v2\/posts\/76617\/revisions\/76619"}],"wp:featuredmedia":[{"embeddable":true,"href":"https:\/\/www.actualidadadiario.com\/index.php\/wp-json\/wp\/v2\/media\/76618"}],"wp:attachment":[{"href":"https:\/\/www.actualidadadiario.com\/index.php\/wp-json\/wp\/v2\/media?parent=76617"}],"wp:term":[{"taxonomy":"category","embeddable":true,"href":"https:\/\/www.actualidadadiario.com\/index.php\/wp-json\/wp\/v2\/categories?post=76617"},{"taxonomy":"post_tag","embeddable":true,"href":"https:\/\/www.actualidadadiario.com\/index.php\/wp-json\/wp\/v2\/tags?post=76617"}],"curies":[{"name":"wp","href":"https:\/\/api.w.org\/{rel}","templated":true}]}}