{"id":76614,"date":"2021-08-18T12:48:57","date_gmt":"2021-08-18T15:48:57","guid":{"rendered":"https:\/\/www.actualidadadiario.com\/?p=76614"},"modified":"2021-08-18T12:48:57","modified_gmt":"2021-08-18T15:48:57","slug":"la-cgt-se-reune-para-iniciar-la-normalizacion-de-su-conduccion","status":"publish","type":"post","link":"https:\/\/www.actualidadadiario.com\/index.php\/2021\/08\/18\/la-cgt-se-reune-para-iniciar-la-normalizacion-de-su-conduccion\/","title":{"rendered":"La CGT se re\u00fane para iniciar la normalizaci\u00f3n de su conducci\u00f3n"},"content":{"rendered":"<p style=\"text-align: center;\"><em><strong>Los jefes sindicales buscar\u00e1n nombrar a las nuevas autoridades de la m\u00e1xima central obrera del pa\u00eds y que reemplazar\u00e1 a los actuales co-secretarios H\u00e9ctor Daer (Sanidad) y Carlos Acu\u00f1a (trabajadores de Estaciones de Servicio)<\/strong><\/em><\/p>\n<p>&nbsp;<\/p>\n<p>&nbsp;<\/p>\n<p>Los l\u00edderes de la CGT se reunir\u00e1n este mi\u00e9rcoles para iniciar el procedimiento administrativo para la convocatoria al Comit\u00e9 Central Confederal y de su congreso nacional, con el prop\u00f3sito de elegir su futura conducci\u00f3n por un per\u00edodo de cuatro a\u00f1os.<\/p>\n<p>As\u00ed lo adelantaron voceros gremiales, quienes indicaron que el encuentro se desarrollar\u00e1 a partir de las 15 en la sede cegetista de Azopardo 802, en el Bajo porte\u00f1o.<\/p>\n<p>&#8220;La de este mi\u00e9rcoles ser\u00e1 la primera reuni\u00f3n presencial desde que se decret\u00f3 el aislamiento obligatorio por la pandemia de coronavirus, en marzo de 2020&#8221;, recordaron las fuentes consultadas por esta agencia, a la vez que explicaron que &#8220;por prevenci\u00f3n&#8221;, del encuentro participar\u00e1n los dirigentes que integran el secretariado nacional de la CGT y los vocales titulares.<\/p>\n<p>De esta forma, los jefes sindicales buscar\u00e1n nombrar a las nuevas autoridades de la m\u00e1xima central obrera del pa\u00eds y que reemplazar\u00e1 a los actuales co-secretarios H\u00e9ctor Daer (Sanidad) y Carlos Acu\u00f1a (trabajadores de Estaciones de Servicio).<\/p>\n<p>En lo formal, el objetivo del mit\u00edn sindical ser\u00e1 confirmar las fechas para la realizaci\u00f3n del Comit\u00e9 Central Confederal para el transcurso de septiembre pr\u00f3ximo y el planificado Congreso Nacional de la CGT para octubre.<\/p>\n<p>&#8220;Obviamente, habr\u00e1 primero un an\u00e1lisis de la coyuntura que estamos viviendo con la situaci\u00f3n del pa\u00eds en el marco de la pandemia, con eje en lo econ\u00f3mico. Pero fundamentalmente es el comienzo de los pasos para la convocatoria a un Comit\u00e9 Central Confederal como paso previo a la elecci\u00f3n del congreso nacional para la elecci\u00f3n de la conducci\u00f3n por cuatro a\u00f1os de la CGT&#8221;, dijeron\u00a0 voceros gremiales.<\/p>\n<p>Finalmente, pronosticaron que la idea mayoritaria para la nueva conducci\u00f3n de la CGT &#8220;es que haya un solo secretario general&#8221;, pero &#8220;si es necesaria una conducci\u00f3n colegiada para que est\u00e9 representada la mayor cantidad de organizaciones sindicales, ser\u00e1 una conducci\u00f3n compartida&#8221;.<\/p>\n","protected":false},"excerpt":{"rendered":"<p>Los jefes sindicales buscar\u00e1n nombrar a las nuevas autoridades de la m\u00e1xima central obrera del pa\u00eds y que reemplazar\u00e1 a los actuales co-secretarios H\u00e9ctor Daer (Sanidad) y Carlos Acu\u00f1a (trabajadores de Estaciones de Servicio) &nbsp; &nbsp; Los l\u00edderes de la CGT se reunir\u00e1n este mi\u00e9rcoles para iniciar el procedimiento administrativo para la convocatoria al Comit\u00e9 Central Confederal y de su congreso nacional, con el prop\u00f3sito de elegir su futura conducci\u00f3n por un per\u00edodo de cuatro a\u00f1os. As\u00ed lo adelantaron voceros gremiales, quienes indicaron que el encuentro se desarrollar\u00e1 a partir&#8230;<\/p>\n","protected":false},"author":3,"featured_media":76615,"comment_status":"closed","ping_status":"closed","sticky":false,"template":"","format":"standard","meta":[],"categories":[18],"tags":[],"_links":{"self":[{"href":"https:\/\/www.actualidadadiario.com\/index.php\/wp-json\/wp\/v2\/posts\/76614"}],"collection":[{"href":"https:\/\/www.actualidadadiario.com\/index.php\/wp-json\/wp\/v2\/posts"}],"about":[{"href":"https:\/\/www.actualidadadiario.com\/index.php\/wp-json\/wp\/v2\/types\/post"}],"author":[{"embeddable":true,"href":"https:\/\/www.actualidadadiario.com\/index.php\/wp-json\/wp\/v2\/users\/3"}],"replies":[{"embeddable":true,"href":"https:\/\/www.actualidadadiario.com\/index.php\/wp-json\/wp\/v2\/comments?post=76614"}],"version-history":[{"count":1,"href":"https:\/\/www.actualidadadiario.com\/index.php\/wp-json\/wp\/v2\/posts\/76614\/revisions"}],"predecessor-version":[{"id":76616,"href":"https:\/\/www.actualidadadiario.com\/index.php\/wp-json\/wp\/v2\/posts\/76614\/revisions\/76616"}],"wp:featuredmedia":[{"embeddable":true,"href":"https:\/\/www.actualidadadiario.com\/index.php\/wp-json\/wp\/v2\/media\/76615"}],"wp:attachment":[{"href":"https:\/\/www.actualidadadiario.com\/index.php\/wp-json\/wp\/v2\/media?parent=76614"}],"wp:term":[{"taxonomy":"category","embeddable":true,"href":"https:\/\/www.actualidadadiario.com\/index.php\/wp-json\/wp\/v2\/categories?post=76614"},{"taxonomy":"post_tag","embeddable":true,"href":"https:\/\/www.actualidadadiario.com\/index.php\/wp-json\/wp\/v2\/tags?post=76614"}],"curies":[{"name":"wp","href":"https:\/\/api.w.org\/{rel}","templated":true}]}}