{"id":76603,"date":"2021-08-18T12:45:24","date_gmt":"2021-08-18T15:45:24","guid":{"rendered":"https:\/\/www.actualidadadiario.com\/?p=76603"},"modified":"2021-08-18T12:45:24","modified_gmt":"2021-08-18T15:45:24","slug":"el-mensaje-de-cristina-kirchner-a-alberto-fernandez","status":"publish","type":"post","link":"https:\/\/www.actualidadadiario.com\/index.php\/2021\/08\/18\/el-mensaje-de-cristina-kirchner-a-alberto-fernandez\/","title":{"rendered":"El mensaje de Cristina Kirchner a Alberto Fern\u00e1ndez"},"content":{"rendered":"<p style=\"text-align: center;\"><em><strong>El Frente de Todos volvi\u00f3 a mostrarse unido tras la difusi\u00f3n de la foto del festejo de cumplea\u00f1os de la primera dama. La Vicepresidenta brind\u00f3 apoyo al Jefe de Estado pero tambi\u00e9n le encomend\u00f3 una tarea<\/strong><\/em><\/p>\n<p>&nbsp;<\/p>\n<p>&nbsp;<\/p>\n<p>A horas de que comience la prohibici\u00f3n de actos p\u00fablicos de cara a las elecciones legislativas, el Gobierno cerr\u00f3 filas con un acto donde mostr\u00f3 una vez m\u00e1s la foto de la unidad del Frente de Todos y se intent\u00f3, mediante la defensa de Cristina Fern\u00e1ndez de Kirchner a Alberto Fern\u00e1ndez, dar vuelta la p\u00e1gina a la pol\u00e9mica que gener\u00f3 la imagen del festejo de cumplea\u00f1os de la primera dama Fabiola Y\u00e1\u00f1ez, donde qued\u00f3 en evidencia el incumplimiento de las normas sanitarias vigentes en julio de 2020.<\/p>\n<p>La estrategia que se vio durante la entrega de viviendas en Avellaneda no es nueva y, sin embargo, le sigue rindiendo a la coalici\u00f3n gobernante: la palabra de la Vicepresidenta como ordenadora del discurso oficial en momentos en que el barco parece hundirse ya se vio en otras oportunidades. Uno de los \u00faltimos casos fue en junio, cuando durante su discurso en La Plata Cristina intent\u00f3 dejar atr\u00e1s los furcios comunicacionales que opacaron por entonces al Presidente con sus dichos sobre el origen de los pueblos latinoamericanos. Al igual que en esa ocasi\u00f3n, la exmandataria volvi\u00f3 esta vez a tirarle un centro a Alberto Fern\u00e1ndez, pero ahora tambi\u00e9n aprovech\u00f3 para reencauzar los ejes de campa\u00f1a y encomendarle una tarea.<\/p>\n<p>\u201cAlberto, tranquilo, pon\u00e9 orden en lo que tengas que poner orden. No te pongas nervioso, no te enojes y metele para adelante\u201d, dijo la Vicepresidenta en un discurso que presenciaron desde el escenario el gobernador bonaerense Axel Kicillof; el titular de la C\u00e1mara de Diputados, Sergio Massa; el ministro de Desarrollo Territorial y H\u00e1bitat, Jorge Ferraresi; y el jefe de bloque de Diputados por el oficialismo, M\u00e1ximo Kirchner. Junto a los precandidatos bonaerenses Victoria Tolosa Paz y Daniel Goll\u00e1n, y a los funcionarios Santiago Cafiero y Eduardo De Pedro y el vocero presidencial Juan Pablo Biondi, la imagen de la unidad intent\u00f3 dejar atr\u00e1s el Olivos gate.<\/p>\n<p>&#8220;Le ha tocado gobernar un tiempo dif\u00edcil, duro\u201d, consider\u00f3 la Vicepresidenta al dirigirse a Alberto Fern\u00e1ndez, de quien dijo \u201cse la pas\u00f3 atajando penales&#8221; porque su gesti\u00f3n fue &#8220;un partido que no se pudo jugar\u201d, debido a la pandemia.<\/p>\n<p>M\u00e1s all\u00e1 del apoyo p\u00fablico de la exmandataria y Sergio Massa (quien ya hab\u00eda salido a respaldar al Presidente en Olavarr\u00eda), el pedido de &#8220;poner orden&#8221; donde sea necesario reson\u00f3 en algunos funcionarios de Casa Rosada como un reclamo directo al Jefe de Estado, y a la vez un mensaje no muy distinto de aquel en el cual la titular del Senado apunt\u00f3 a &#8220;funcionarios que no funcionan&#8221;. Los errores en el entorno del Presidente fueron advertidos d\u00edas antes por otro integrante del Instituto Patria. \u201cHabr\u00eda que hacer un llamado de atenci\u00f3n, sobre todo a los que est\u00e1n al lado del Presidente, para que lo asesoren y lo adviertan para que no se cometan ese tipo de errores\u201d, dijo Oscar Parrilli en declaraciones Radio Con Vos abriendo el debate.<\/p>\n<p>Sin embargo, en p\u00fablico la Vicepresidenta opt\u00f3 por marcar un fuerte respaldo al Presidente y destac\u00f3 incluso el posteo que realiz\u00f3 la agrupaci\u00f3n La C\u00e1mpora el pasado s\u00e1bado para cuestionar la gesti\u00f3n del gobierno de Mauricio Macri en torno a la deuda que adquiri\u00f3 con el Fondo Monetario Internacional (FMI). &#8220;Quienes militamos en pol\u00edtica necesitamos de la organizaci\u00f3n, militancia, territorialidad y representaci\u00f3n popular. De llegar a un lugar porque llegamos en nombre de y para qu\u00e9, en nombre de la representaci\u00f3n. Por eso me gusta mucho lo que hacen ustedes, me gusta mucho el tuit&#8221;, sentenci\u00f3.<\/p>\n<p>&#8220;Ninguno de nosotros se fue del pa\u00eds para eludir la acci\u00f3n de la justicia. Todos pusimos la cara y el cuerpo. \u00bfQu\u00e9 rep\u00fablica era esa? Rep\u00fablica de morondanga, eso era&#8221;, dijo Cristina blindando la defensa presidencial y contraponiendo la conducta de la actual gesti\u00f3n con la de Mauricio Macri.<\/p>\n<p>Respecto a lo que queda de la campa\u00f1a, ya no hay tiempo para recalibrar la estrategia electoral y, seg\u00fan anticiparon desde Balcarce 50 a este medio, los ejes no se modificar\u00e1n. Bajo el lema &#8220;La Vida que Queremos&#8221;, el Gobierno acompa\u00f1ar\u00e1 a los principales precandidatos en una campa\u00f1a en la que apuestan por poner en juego &#8220;dos modelos de pa\u00eds&#8221; para pensar la pospandemia.<\/p>\n<p>En este marco, destacar el operativo de vacunaci\u00f3n y recordar el endeudamiento contra\u00eddo bajo la gesti\u00f3n macrista siguen y seguir\u00e1n siendo los caballitos de batalla del oficialismo. Por \u00faltimo, pero no menos importante, apelar a aquello que llev\u00f3 al Gobierno al poder y que parece perderse en d\u00edas de pases de factura internos: la unidad del Frente.<\/p>\n","protected":false},"excerpt":{"rendered":"<p>El Frente de Todos volvi\u00f3 a mostrarse unido tras la difusi\u00f3n de la foto del festejo de cumplea\u00f1os de la primera dama. La Vicepresidenta brind\u00f3 apoyo al Jefe de Estado pero tambi\u00e9n le encomend\u00f3 una tarea &nbsp; &nbsp; A horas de que comience la prohibici\u00f3n de actos p\u00fablicos de cara a las elecciones legislativas, el Gobierno cerr\u00f3 filas con un acto donde mostr\u00f3 una vez m\u00e1s la foto de la unidad del Frente de Todos y se intent\u00f3, mediante la defensa de Cristina Fern\u00e1ndez de Kirchner a Alberto Fern\u00e1ndez, dar&#8230;<\/p>\n","protected":false},"author":3,"featured_media":76604,"comment_status":"closed","ping_status":"closed","sticky":false,"template":"","format":"standard","meta":[],"categories":[18],"tags":[],"_links":{"self":[{"href":"https:\/\/www.actualidadadiario.com\/index.php\/wp-json\/wp\/v2\/posts\/76603"}],"collection":[{"href":"https:\/\/www.actualidadadiario.com\/index.php\/wp-json\/wp\/v2\/posts"}],"about":[{"href":"https:\/\/www.actualidadadiario.com\/index.php\/wp-json\/wp\/v2\/types\/post"}],"author":[{"embeddable":true,"href":"https:\/\/www.actualidadadiario.com\/index.php\/wp-json\/wp\/v2\/users\/3"}],"replies":[{"embeddable":true,"href":"https:\/\/www.actualidadadiario.com\/index.php\/wp-json\/wp\/v2\/comments?post=76603"}],"version-history":[{"count":1,"href":"https:\/\/www.actualidadadiario.com\/index.php\/wp-json\/wp\/v2\/posts\/76603\/revisions"}],"predecessor-version":[{"id":76605,"href":"https:\/\/www.actualidadadiario.com\/index.php\/wp-json\/wp\/v2\/posts\/76603\/revisions\/76605"}],"wp:featuredmedia":[{"embeddable":true,"href":"https:\/\/www.actualidadadiario.com\/index.php\/wp-json\/wp\/v2\/media\/76604"}],"wp:attachment":[{"href":"https:\/\/www.actualidadadiario.com\/index.php\/wp-json\/wp\/v2\/media?parent=76603"}],"wp:term":[{"taxonomy":"category","embeddable":true,"href":"https:\/\/www.actualidadadiario.com\/index.php\/wp-json\/wp\/v2\/categories?post=76603"},{"taxonomy":"post_tag","embeddable":true,"href":"https:\/\/www.actualidadadiario.com\/index.php\/wp-json\/wp\/v2\/tags?post=76603"}],"curies":[{"name":"wp","href":"https:\/\/api.w.org\/{rel}","templated":true}]}}