{"id":766,"date":"2016-09-07T09:31:14","date_gmt":"2016-09-07T12:31:14","guid":{"rendered":"http:\/\/actualidadadiario.com\/site\/?p=766"},"modified":"2016-09-07T09:31:14","modified_gmt":"2016-09-07T12:31:14","slug":"macri-nego-haber-dicho-que-el-segundo-semestre-iba-a-ser-una-fiesta","status":"publish","type":"post","link":"https:\/\/www.actualidadadiario.com\/index.php\/2016\/09\/07\/macri-nego-haber-dicho-que-el-segundo-semestre-iba-a-ser-una-fiesta\/","title":{"rendered":"Macri neg\u00f3 haber dicho que el segundo semestre iba a ser &#8220;una fiesta&#8221;"},"content":{"rendered":"<p><em><strong>El Presidente asegur\u00f3 en una entrevista que a econom\u00eda se reactivar\u00e1 entre fin de a\u00f1o y el que viene. &#8220;Yo empe\u00f1\u00e9 mi palabra al decir que la inflaci\u00f3n iba a bajar&#8221;, asegur\u00f3<\/strong><\/em><\/p>\n<p>&nbsp;<\/p>\n<p>&nbsp;<\/p>\n<p>El presidente\u00a0Mauricio Macri<strong>\u00a0<\/strong>insisti\u00f3 en que no sali\u00f3 de su boca que el segundo semestre &#8220;iba a ser una fiesta&#8221; y prometi\u00f3 que reci\u00e9n a fin de ese a\u00f1o y el 2017 iba a comenzar la reactivaci\u00f3n de la econom\u00eda. &#8220;Yo empe\u00f1\u00e9 mi palabra al decir que la inflaci\u00f3n iba a bajar dr\u00e1sticamente en el segundo semestre, y lo estamos logrando. Despu\u00e9s se desvirt\u00faa y dec\u00edan que yo hab\u00eda dicho que esto iba a ser una fiesta en el segundo semestre. Nunca dije eso\u201d, asegur\u00f3.<\/p>\n<p>&nbsp;<\/p>\n<p>En di\u00e1logo con\u00a0<em>La Naci\u00f3n<\/em>, Macri afirm\u00f3 que su en las reuniones bilaterales que tuvo en\u00a0China, en el marco del\u00a0G-20, &#8220;hemos venido a convocar a inversores, no a vender el pa\u00eds&#8221;. Y reclam\u00f3: &#8220;Ac\u00e1 hace falta un esfuerzo de todos los sectores: el agro, los empresarios, los gremios&#8221;.<\/p>\n<p>&nbsp;<\/p>\n<p>Adem\u00e1s, le dej\u00f3 un mensaje a quienes &#8220;ven la pol\u00edtica desde su rol en forma oportunista, sin compromiso con el largo plazo&#8221;. A ellos, les advirti\u00f3: &#8220;Aquellos que siguen apostando a que a la Argentina le vaya mal en los pr\u00f3ximos meses ayuden a que a todos nos vaya mejor&#8221;.<\/p>\n<p>&nbsp;<\/p>\n<p>Por \u00faltimo, realiz\u00f3 una autocr\u00edtica sobre sus nueve meses de gesti\u00f3n. &#8220;Haber querido ir m\u00e1s r\u00e1pido de lo que se puede&#8221;, admiti\u00f3. Y agreg\u00f3: &#8220;Uno es ansioso y quiere darle de inmediato respuestas a la gente. Lo importante es hacerles entender a la gente que este no es un cambio econ\u00f3mico. Es un cambio cultural&#8221;.<\/p>\n","protected":false},"excerpt":{"rendered":"<p>El Presidente asegur\u00f3 en una entrevista que a econom\u00eda se reactivar\u00e1 entre fin de a\u00f1o y el que viene. &#8220;Yo empe\u00f1\u00e9 mi palabra al decir que la inflaci\u00f3n iba a bajar&#8221;, asegur\u00f3 &nbsp; &nbsp; El presidente\u00a0Mauricio Macri\u00a0insisti\u00f3 en que no sali\u00f3 de su boca que el segundo semestre &#8220;iba a ser una fiesta&#8221; y prometi\u00f3 que reci\u00e9n a fin de ese a\u00f1o y el 2017 iba a comenzar la reactivaci\u00f3n de la econom\u00eda. &#8220;Yo empe\u00f1\u00e9 mi palabra al decir que la inflaci\u00f3n iba a bajar dr\u00e1sticamente en el segundo semestre,&#8230;<\/p>\n","protected":false},"author":3,"featured_media":767,"comment_status":"closed","ping_status":"closed","sticky":false,"template":"","format":"standard","meta":[],"categories":[9],"tags":[],"_links":{"self":[{"href":"https:\/\/www.actualidadadiario.com\/index.php\/wp-json\/wp\/v2\/posts\/766"}],"collection":[{"href":"https:\/\/www.actualidadadiario.com\/index.php\/wp-json\/wp\/v2\/posts"}],"about":[{"href":"https:\/\/www.actualidadadiario.com\/index.php\/wp-json\/wp\/v2\/types\/post"}],"author":[{"embeddable":true,"href":"https:\/\/www.actualidadadiario.com\/index.php\/wp-json\/wp\/v2\/users\/3"}],"replies":[{"embeddable":true,"href":"https:\/\/www.actualidadadiario.com\/index.php\/wp-json\/wp\/v2\/comments?post=766"}],"version-history":[{"count":1,"href":"https:\/\/www.actualidadadiario.com\/index.php\/wp-json\/wp\/v2\/posts\/766\/revisions"}],"predecessor-version":[{"id":768,"href":"https:\/\/www.actualidadadiario.com\/index.php\/wp-json\/wp\/v2\/posts\/766\/revisions\/768"}],"wp:featuredmedia":[{"embeddable":true,"href":"https:\/\/www.actualidadadiario.com\/index.php\/wp-json\/wp\/v2\/media\/767"}],"wp:attachment":[{"href":"https:\/\/www.actualidadadiario.com\/index.php\/wp-json\/wp\/v2\/media?parent=766"}],"wp:term":[{"taxonomy":"category","embeddable":true,"href":"https:\/\/www.actualidadadiario.com\/index.php\/wp-json\/wp\/v2\/categories?post=766"},{"taxonomy":"post_tag","embeddable":true,"href":"https:\/\/www.actualidadadiario.com\/index.php\/wp-json\/wp\/v2\/tags?post=766"}],"curies":[{"name":"wp","href":"https:\/\/api.w.org\/{rel}","templated":true}]}}