{"id":76598,"date":"2021-08-18T12:43:44","date_gmt":"2021-08-18T15:43:44","guid":{"rendered":"https:\/\/www.actualidadadiario.com\/?p=76598"},"modified":"2021-08-18T12:43:44","modified_gmt":"2021-08-18T15:43:44","slug":"a-partir-de-hoy-no-podra-haber-actos-oficiales-que-promuevan-la-captacion-de-votos","status":"publish","type":"post","link":"https:\/\/www.actualidadadiario.com\/index.php\/2021\/08\/18\/a-partir-de-hoy-no-podra-haber-actos-oficiales-que-promuevan-la-captacion-de-votos\/","title":{"rendered":"A partir de hoy no podr\u00e1 haber actos oficiales que promuevan la captaci\u00f3n de votos"},"content":{"rendered":"<p style=\"text-align: center;\"><em><strong>La medida es de acuerdo al cronograma establecido por la C\u00e1mara Nacional Electoral (CNE) de cara a las Primarias Abiertas, Simult\u00e1neas y Obligatorias (PASO)<\/strong><\/em><\/p>\n<p>&nbsp;<\/p>\n<p>&nbsp;<\/p>\n<p>Las autoridades de los distintos niveles de gobierno no podr\u00e1n a partir de este mi\u00e9rcoles realizar actos p\u00fablicos que sean susceptibles de promover el voto con miras a las Primarias Abiertas, Simult\u00e1neas y Obligatorias (PASO), del 12 de setiembre, de acuerdo con el cronograma establecido por la C\u00e1mara Nacional Electoral (CNE).<\/p>\n<p>De esta forma, se cumplir\u00e1 con una nueva etapa en el marco del cronograma electoral de cara a las PASO del 12 de septiembre, cuyo pr\u00f3ximo hito se cumplir\u00e1 el pr\u00f3ximo lunes, cuando finalice el plazo para subsanar errores u omisiones en el padr\u00f3n electoral.<\/p>\n<p>En tanto, el jueves 2 de septiembre vencer\u00e1 el plazo para destruir los documentos c\u00edvicos de los ciudadanos fallecidos y dos d\u00edas m\u00e1s tarde se prohibir\u00e1 la difusi\u00f3n de sondeos y encuestas.<\/p>\n<p>El 10 de septiembre a las 8, dos d\u00edas antes de las PASO, finalizar\u00e1 la campa\u00f1a electoral y se dar\u00e1 inicio a la veda electoral.<\/p>\n<p>Las primarias del 12 de septiembre ser\u00e1n las que definir\u00e1n las listas de candidatos y candidatas que competir\u00e1n en las urnas el 14 de noviembre para la renovaci\u00f3n de la mitad de las bancas de la C\u00e1mara de Diputados de la Naci\u00f3n y un tercio de las del Senado, un total de 24, correspondientes a los tres esca\u00f1os de ocho provincias, tal como lo prev\u00e9 la Constituci\u00f3n Nacional.<\/p>\n<p>Para el 30 de septiembre pr\u00f3ximo est\u00e1 previsto el inicio formal de la campa\u00f1a electoral de cara a las elecciones legislativas del 14 de noviembre, y el 10 de octubre ser\u00e1 el punto de inicio de la campa\u00f1a electoral en medios de comunicaci\u00f3n audiovisual.<\/p>\n","protected":false},"excerpt":{"rendered":"<p>La medida es de acuerdo al cronograma establecido por la C\u00e1mara Nacional Electoral (CNE) de cara a las Primarias Abiertas, Simult\u00e1neas y Obligatorias (PASO) &nbsp; &nbsp; Las autoridades de los distintos niveles de gobierno no podr\u00e1n a partir de este mi\u00e9rcoles realizar actos p\u00fablicos que sean susceptibles de promover el voto con miras a las Primarias Abiertas, Simult\u00e1neas y Obligatorias (PASO), del 12 de setiembre, de acuerdo con el cronograma establecido por la C\u00e1mara Nacional Electoral (CNE). De esta forma, se cumplir\u00e1 con una nueva etapa en el marco del&#8230;<\/p>\n","protected":false},"author":3,"featured_media":74998,"comment_status":"closed","ping_status":"closed","sticky":false,"template":"","format":"standard","meta":[],"categories":[9],"tags":[],"_links":{"self":[{"href":"https:\/\/www.actualidadadiario.com\/index.php\/wp-json\/wp\/v2\/posts\/76598"}],"collection":[{"href":"https:\/\/www.actualidadadiario.com\/index.php\/wp-json\/wp\/v2\/posts"}],"about":[{"href":"https:\/\/www.actualidadadiario.com\/index.php\/wp-json\/wp\/v2\/types\/post"}],"author":[{"embeddable":true,"href":"https:\/\/www.actualidadadiario.com\/index.php\/wp-json\/wp\/v2\/users\/3"}],"replies":[{"embeddable":true,"href":"https:\/\/www.actualidadadiario.com\/index.php\/wp-json\/wp\/v2\/comments?post=76598"}],"version-history":[{"count":1,"href":"https:\/\/www.actualidadadiario.com\/index.php\/wp-json\/wp\/v2\/posts\/76598\/revisions"}],"predecessor-version":[{"id":76599,"href":"https:\/\/www.actualidadadiario.com\/index.php\/wp-json\/wp\/v2\/posts\/76598\/revisions\/76599"}],"wp:featuredmedia":[{"embeddable":true,"href":"https:\/\/www.actualidadadiario.com\/index.php\/wp-json\/wp\/v2\/media\/74998"}],"wp:attachment":[{"href":"https:\/\/www.actualidadadiario.com\/index.php\/wp-json\/wp\/v2\/media?parent=76598"}],"wp:term":[{"taxonomy":"category","embeddable":true,"href":"https:\/\/www.actualidadadiario.com\/index.php\/wp-json\/wp\/v2\/categories?post=76598"},{"taxonomy":"post_tag","embeddable":true,"href":"https:\/\/www.actualidadadiario.com\/index.php\/wp-json\/wp\/v2\/tags?post=76598"}],"curies":[{"name":"wp","href":"https:\/\/api.w.org\/{rel}","templated":true}]}}