{"id":76595,"date":"2021-08-18T12:40:11","date_gmt":"2021-08-18T15:40:11","guid":{"rendered":"https:\/\/www.actualidadadiario.com\/?p=76595"},"modified":"2021-08-18T12:40:11","modified_gmt":"2021-08-18T15:40:11","slug":"censo-2022-empieza-la-planificacion-tras-la-postergacion-por-la-pandemia","status":"publish","type":"post","link":"https:\/\/www.actualidadadiario.com\/index.php\/2021\/08\/18\/censo-2022-empieza-la-planificacion-tras-la-postergacion-por-la-pandemia\/","title":{"rendered":"Censo 2022: empieza la planificaci\u00f3n tras la postergaci\u00f3n por la pandemia"},"content":{"rendered":"<p style=\"text-align: center;\"><em><strong>Luego de ser postergado por la pandemia, el Censo que debi\u00f3 realizarse en el 2020, como se acostumbra cada diez a\u00f1os, empieza a tomar forma. Este mi\u00e9rcoles, el presidente Alberto Fern\u00e1ndez encabezar\u00e1 la reuni\u00f3n inaugural del Comit\u00e9 Censal de Operativo del Censo Nacional de Poblaci\u00f3n, Hogares y Viviendas que se llevar\u00e1 a cabo en 2022<\/strong><\/em><\/p>\n<p>&nbsp;<\/p>\n<p>&nbsp;<\/p>\n<p>La actividad est\u00e1 prevista para las 17 en el Museo del Bicentenario de Casa Rosada. Contar\u00e1 con la participaci\u00f3n de funcionarios del Gabinete nacional y el titular del INDEC, Marco Lavagna.<\/p>\n<p>&nbsp;<\/p>\n<p><strong>La suspensi\u00f3n del Censo 2020<\/strong><\/p>\n<p>El Censo Nacional de Poblaci\u00f3n, Hogares y Vivienda que se deb\u00eda realizar el a\u00f1o pasado, dado que el anterior fue en octubre del 2010, se debi\u00f3 suspender por la pandemia de coronavirus.<\/p>\n<p>La suspensi\u00f3n del Censo 2020 fue oficializada por el gobierno nacional el pasado 7 de septiembre mediante la resoluci\u00f3n 726\/2020, que estableci\u00f3 que &#8220;el Instituto Nacional de Estad\u00edstica y Censos (INDEC) contar\u00e1 con hasta sesenta d\u00edas posteriores a la finalizaci\u00f3n de la emergencia p\u00fablica en materia sanitaria para determinar la fecha del operativo censal correspondiente, d\u00eda que revestir\u00e1 la calidad de feriado nacional&#8221;.<\/p>\n<p>Adem\u00e1s, la resoluci\u00f3n recomend\u00f3 &#8220;considerar las ventajas de posponer&#8221; el censo, dado los &#8220;riesgos asociados a la pandemia, al mismo tiempo que recomienda continuar avanzando en los preparativos del censo y el fortalecimiento de capacidades por medios virtuales&#8221;.<\/p>\n<p>&nbsp;<\/p>\n<p><strong>La planificaci\u00f3n del nuevo censo<\/strong><\/p>\n<p>La resoluci\u00f3n cre\u00f3 &#8220;el Comit\u00e9 Operativo del Censo Nacional de Poblaci\u00f3n, Hogares y Viviendas ronda 2020 que tendr\u00e1 como \u00fanico objeto la coordinaci\u00f3n de las actividades censales&#8221;, que ser\u00e1 presidido de forma conjunta por el INDEC y el ministerio de Econom\u00eda.<\/p>\n<p>En tanto, estableci\u00f3 que el Comit\u00e9 deber\u00e1 estar integrado por representantes &#8220;de la Jefatura de Gabinete de Ministros, los Ministerios del Poder Ejecutivo Nacional, las Provincias y la Ciudad Aut\u00f3noma de Buenos Aires&#8221;.<\/p>\n<p>Por \u00faltimo, indic\u00f3 que &#8220;las autoridades superiores de los organismos nacionales deber\u00e1n conceder, a simple requerimiento del INDEC, la colaboraci\u00f3n del personal a sus \u00f3rdenes, la afectaci\u00f3n de locales, muebles, equipamientos, medios de movilidad, medios de comunicaci\u00f3n masiva y todo otro recurso disponible que les fuere solicitado para la realizaci\u00f3n de las actividades del operativo censal&#8221;.<\/p>\n","protected":false},"excerpt":{"rendered":"<p>Luego de ser postergado por la pandemia, el Censo que debi\u00f3 realizarse en el 2020, como se acostumbra cada diez a\u00f1os, empieza a tomar forma. Este mi\u00e9rcoles, el presidente Alberto Fern\u00e1ndez encabezar\u00e1 la reuni\u00f3n inaugural del Comit\u00e9 Censal de Operativo del Censo Nacional de Poblaci\u00f3n, Hogares y Viviendas que se llevar\u00e1 a cabo en 2022 &nbsp; &nbsp; La actividad est\u00e1 prevista para las 17 en el Museo del Bicentenario de Casa Rosada. Contar\u00e1 con la participaci\u00f3n de funcionarios del Gabinete nacional y el titular del INDEC, Marco Lavagna. &nbsp; La&#8230;<\/p>\n","protected":false},"author":3,"featured_media":76596,"comment_status":"closed","ping_status":"closed","sticky":false,"template":"","format":"standard","meta":[],"categories":[2],"tags":[],"_links":{"self":[{"href":"https:\/\/www.actualidadadiario.com\/index.php\/wp-json\/wp\/v2\/posts\/76595"}],"collection":[{"href":"https:\/\/www.actualidadadiario.com\/index.php\/wp-json\/wp\/v2\/posts"}],"about":[{"href":"https:\/\/www.actualidadadiario.com\/index.php\/wp-json\/wp\/v2\/types\/post"}],"author":[{"embeddable":true,"href":"https:\/\/www.actualidadadiario.com\/index.php\/wp-json\/wp\/v2\/users\/3"}],"replies":[{"embeddable":true,"href":"https:\/\/www.actualidadadiario.com\/index.php\/wp-json\/wp\/v2\/comments?post=76595"}],"version-history":[{"count":1,"href":"https:\/\/www.actualidadadiario.com\/index.php\/wp-json\/wp\/v2\/posts\/76595\/revisions"}],"predecessor-version":[{"id":76597,"href":"https:\/\/www.actualidadadiario.com\/index.php\/wp-json\/wp\/v2\/posts\/76595\/revisions\/76597"}],"wp:featuredmedia":[{"embeddable":true,"href":"https:\/\/www.actualidadadiario.com\/index.php\/wp-json\/wp\/v2\/media\/76596"}],"wp:attachment":[{"href":"https:\/\/www.actualidadadiario.com\/index.php\/wp-json\/wp\/v2\/media?parent=76595"}],"wp:term":[{"taxonomy":"category","embeddable":true,"href":"https:\/\/www.actualidadadiario.com\/index.php\/wp-json\/wp\/v2\/categories?post=76595"},{"taxonomy":"post_tag","embeddable":true,"href":"https:\/\/www.actualidadadiario.com\/index.php\/wp-json\/wp\/v2\/tags?post=76595"}],"curies":[{"name":"wp","href":"https:\/\/api.w.org\/{rel}","templated":true}]}}