{"id":76582,"date":"2021-08-18T12:35:14","date_gmt":"2021-08-18T15:35:14","guid":{"rendered":"https:\/\/www.actualidadadiario.com\/?p=76582"},"modified":"2021-08-18T12:35:14","modified_gmt":"2021-08-18T15:35:14","slug":"cuando-es-el-proximo-feriado-2","status":"publish","type":"post","link":"https:\/\/www.actualidadadiario.com\/index.php\/2021\/08\/18\/cuando-es-el-proximo-feriado-2\/","title":{"rendered":"\u00bfCu\u00e1ndo es el pr\u00f3ximo feriado?"},"content":{"rendered":"<p style=\"text-align: center;\"><em><strong>Octubre vendr\u00e1 con revancha al s\u00e1bado 9 y domingo d\u00edas se le agregan dos feriados, el viernes 8 y tambi\u00e9n el lunes 11 para convertirlo as\u00ed en un fin de semana extra largo con fines tur\u00edsticos<\/strong><\/em><\/p>\n<p>&nbsp;<\/p>\n<p>&nbsp;<\/p>\n<p>Si bien la fecha para conmemorar el D\u00eda del Respeto a la Diversidad Cultural es el 12 de octubre, al caer un martes se pasa al lunes.<\/p>\n<p>&nbsp;<\/p>\n<p><strong>Los feriados que restan de 2021<\/strong><\/p>\n<p><strong>Feriados inamovibles<\/strong><\/p>\n<p>8 de diciembre (D\u00eda de la Inmaculada Concepci\u00f3n de Mar\u00eda) y 25 de diciembre (Navidad).<\/p>\n<p>&nbsp;<\/p>\n<p><strong>Feriados trasladables<\/strong><\/p>\n<p>17 de agosto (Paso a la Inmortalidad del Gral. Jos\u00e9 de San Mart\u00edn) que se pasa al 16 de agosto<\/p>\n<p>12 de octubre (D\u00eda del Respeto a la Diversidad Cultural) que se pasa al 11 de octubre<\/p>\n<p>20 de noviembre (D\u00eda de la Soberan\u00eda Nacional), no se pasa por caer en s\u00e1bado.<\/p>\n<p>&nbsp;<\/p>\n<p><strong>Feriados con fines tur\u00edsticos<\/strong><\/p>\n<p>8 de octubre<\/p>\n<p>22 de noviembre<\/p>\n","protected":false},"excerpt":{"rendered":"<p>Octubre vendr\u00e1 con revancha al s\u00e1bado 9 y domingo d\u00edas se le agregan dos feriados, el viernes 8 y tambi\u00e9n el lunes 11 para convertirlo as\u00ed en un fin de semana extra largo con fines tur\u00edsticos &nbsp; &nbsp; Si bien la fecha para conmemorar el D\u00eda del Respeto a la Diversidad Cultural es el 12 de octubre, al caer un martes se pasa al lunes. &nbsp; Los feriados que restan de 2021 Feriados inamovibles 8 de diciembre (D\u00eda de la Inmaculada Concepci\u00f3n de Mar\u00eda) y 25 de diciembre (Navidad). &nbsp;&#8230;<\/p>\n","protected":false},"author":3,"featured_media":74463,"comment_status":"closed","ping_status":"closed","sticky":false,"template":"","format":"standard","meta":[],"categories":[2],"tags":[],"_links":{"self":[{"href":"https:\/\/www.actualidadadiario.com\/index.php\/wp-json\/wp\/v2\/posts\/76582"}],"collection":[{"href":"https:\/\/www.actualidadadiario.com\/index.php\/wp-json\/wp\/v2\/posts"}],"about":[{"href":"https:\/\/www.actualidadadiario.com\/index.php\/wp-json\/wp\/v2\/types\/post"}],"author":[{"embeddable":true,"href":"https:\/\/www.actualidadadiario.com\/index.php\/wp-json\/wp\/v2\/users\/3"}],"replies":[{"embeddable":true,"href":"https:\/\/www.actualidadadiario.com\/index.php\/wp-json\/wp\/v2\/comments?post=76582"}],"version-history":[{"count":1,"href":"https:\/\/www.actualidadadiario.com\/index.php\/wp-json\/wp\/v2\/posts\/76582\/revisions"}],"predecessor-version":[{"id":76583,"href":"https:\/\/www.actualidadadiario.com\/index.php\/wp-json\/wp\/v2\/posts\/76582\/revisions\/76583"}],"wp:featuredmedia":[{"embeddable":true,"href":"https:\/\/www.actualidadadiario.com\/index.php\/wp-json\/wp\/v2\/media\/74463"}],"wp:attachment":[{"href":"https:\/\/www.actualidadadiario.com\/index.php\/wp-json\/wp\/v2\/media?parent=76582"}],"wp:term":[{"taxonomy":"category","embeddable":true,"href":"https:\/\/www.actualidadadiario.com\/index.php\/wp-json\/wp\/v2\/categories?post=76582"},{"taxonomy":"post_tag","embeddable":true,"href":"https:\/\/www.actualidadadiario.com\/index.php\/wp-json\/wp\/v2\/tags?post=76582"}],"curies":[{"name":"wp","href":"https:\/\/api.w.org\/{rel}","templated":true}]}}