{"id":76576,"date":"2021-08-17T12:55:14","date_gmt":"2021-08-17T15:55:14","guid":{"rendered":"https:\/\/www.actualidadadiario.com\/?p=76576"},"modified":"2021-08-17T12:55:14","modified_gmt":"2021-08-17T15:55:14","slug":"de-america-a-europa-un-legado-de-lucha-por-la-libertad-hasta-en-sus-ultimos-dias","status":"publish","type":"post","link":"https:\/\/www.actualidadadiario.com\/index.php\/2021\/08\/17\/de-america-a-europa-un-legado-de-lucha-por-la-libertad-hasta-en-sus-ultimos-dias\/","title":{"rendered":"De Am\u00e9rica a Europa, un legado de lucha por la libertad, hasta en sus \u00faltimos d\u00edas"},"content":{"rendered":"<p style=\"text-align: center;\"><em><strong>Concluida la campa\u00f1a libertadora se exilia en Europa pero no se desentiende de lo que sucede en el pa\u00eds. La diplomacia en Inglaterra, un retorno fallido y el sable para Rosas. Blazac, Victor Hugo y el ocaso entre los libros y la noche. \u201cSan Mart\u00edn tiene legados m\u00faltiples, entre ellos el de ser un gran promotor de nuestra independencia, no solo militar\u201d, dice el historiador Felipe Pigna. Tercera y \u00faltima entrega sobre el Libertador a 171 a\u00f1os de su muerte<\/strong><\/em><\/p>\n<p>&nbsp;<\/p>\n<p>&nbsp;<\/p>\n<p>\u201cNadie rebaje a l\u00e1grima o reproche\/ esta declaraci\u00f3n de la maestr\u00eda\/ de Dios, que con magn\u00edfica iron\u00eda\/ me dio a la vez los libros y la noche\u201d, escribi\u00f3 Jorge Luis Borges en el \u201cPoema de los dones\u201d. Lo mismo puede decirse de Don Jos\u00e9 de San Mart\u00edn, quien termin\u00f3 sus d\u00edas ciego y rodeado de los libros de la Biblioteca P\u00fablica de Bolougne Sur Mer que le le\u00eda su hija Mercedes.<\/p>\n<p>San Mart\u00edn hab\u00eda retornado a Europa exhausto por la lucha contra los realistas pero tambi\u00e9n por el destrato y la persecuci\u00f3n que sufri\u00f3 en Buenos Aires. Si bien no quiso, ni querr\u00e1, sumarse a federales ni a unitarios durante la guerra civil, su exilio no signific\u00f3 un retiro de la actividad pol\u00edtica.<\/p>\n<p>En el viejo continente -cuenta el historiador Felipe Pigna- \u201cva con una misi\u00f3n estrat\u00e9gica que \u00e9l mismo se impuso, que es lograr el reconocimiento de Gran Breta\u00f1a de la independencia Argentina, cosa que romper\u00eda la Santa Alianza, es decir la uni\u00f3n de las potencias europeas contra Am\u00e9rica, algo que finalmente consigue\u201d.<\/p>\n<p>La misi\u00f3n del Libertador no es de ning\u00fan modo oficial. En Buenos Aires gobiernan sus enemigos, encarnados en Bernardino Rivadavia, a quien a pesar de todo San Mart\u00edn tiene la nobleza de explicarle sus intenciones en Inglaterra.<\/p>\n<p>La ingratitud y la malicia de Rivadavia es enorme, ya que apenas sale San Mart\u00edn de la entrevista que mantuvo con \u00e9l le manda una carta al Primer Ministro ingl\u00e9s dici\u00e9ndole que lo va a ir a ver un demente, una persona que est\u00e1 desvariando\u201d, relata Pigna, quien agrega que \u201cpor suerte no le hicieron caso y San Mart\u00edn hace gestiones muy importantes para que se reconozca la independencia argentina\u201d.<\/p>\n<p>Ya en el exilio, San Mart\u00edn intenta instalarse con su hija Mercedes en Gran Breta\u00f1a, pero el costo de vida all\u00ed es muy alto y ni el gobierno porte\u00f1o ni el del Per\u00fa le pagan la pensi\u00f3n. Debido a que carec\u00eda de fortuna (su \u00fanico ingreso era la renta de una casa que ten\u00eda en Buenos Aires) decide cruzar el Canal de la Mancha para instalarse en Bruselas, donde vivir\u00e1 durante seis a\u00f1os. Reci\u00e9n en 1830 comenzar\u00e1 a percibir lo adeudado y se instalar\u00e1 en Francia, dejando atr\u00e1s las penurias econ\u00f3micas.<\/p>\n<p>&nbsp;<\/p>\n<p><strong>Operativo retorno<\/strong><\/p>\n<p>La guerra de Argentina con el Brasil, que se desarrollar\u00e1 entre 1825 y 1828 y culminar\u00e1 con la creaci\u00f3n del Estado Oriental del Uruguay, gener\u00f3 preocupaci\u00f3n en San Mart\u00edn, quien ofreci\u00f3 sus servicios. Lleg\u00f3 al Puerto de Buenos Aires en febrero de 1829. Pero nunca desembarc\u00f3.<\/p>\n<p>\u201cSan Mart\u00edn se entera de que Lavalle, que hab\u00eda peleado a sus \u00f3rdenes, derroca a Manuel Dorrego, otro oficial que hab\u00eda estado bajo su mando, y que lo fusila sin juicio previo. Sabe tambi\u00e9n la situaci\u00f3n complicada en la que est\u00e1 el pa\u00eds, y decide no pisar tierra para no avalar, como \u00e9l mismo dice, \u2018la dictadura de Lavalle\u2019 \u201d, explica Pigna.<\/p>\n<p>Antes de regresar a Europa el Libertador se instala en Montevideo y habla con todos, con unitarios y con federales. \u201cSe da cuenta que su nombre puede ser utilizado para desatar la represi\u00f3n de uno u otro bando, y decide irse definitivamente, para radicarse en Par\u00eds\u201d, se\u00f1ala el autor de \u201cLa voz del gran jefe. Jos\u00e9 de San Mart\u00edn\u201d.<\/p>\n<p>Y agrega: \u201cEntiende, para mi correctamente, que era una guerra civil muy sangrienta, que su nombre iba a ser usado en un contexto de mucha confusi\u00f3n, ya que tampoco estaban muy bien definidos los bandos\u201d.<\/p>\n<p>&nbsp;<\/p>\n<p><strong>Rosas y el sable corvo<\/strong><\/p>\n<p>San Mart\u00edn, sin embargo, siempre estuvo m\u00e1s cerca de las provincias que de Buenos Aires, de los caudillos federales que de los l\u00edderes unitarios. Esto va quedar en evidencia una vez m\u00e1s en 1845, cuando Juan Manuel de Rosas enfrenta el bloqueo de la flota anglo-francesa al Puerto de Buenos Aires.<\/p>\n<p>\u201cSan Mart\u00edn tiene una excelente relaci\u00f3n con Rosas sin ser rosista, cosa que en la Argentina es bastante dif\u00edcil de entender, porque si uno apoya ciertas pol\u00edticas de un gobierno inmediatamente es considerado partidario de ese gobierno. El caso de San Mart\u00edn es muy claro\u201d, asegura Pigna.<\/p>\n<p>Y detalla: \u201cApoya expl\u00edcitamente la pol\u00edtica exterior de Rosas, la defensa de la soberan\u00eda, la Vuelta de Obligado, y critica aspectos de la pol\u00edtica interior, como la persecuci\u00f3n a la oposici\u00f3n, la mazorca, etc. Sin embargo, sabe que los unitarios no son nenes de pecho y es fuertemente cr\u00edtico con ellos, de hecho sus enemigos est\u00e1n claramente en ese bando\u201d.<\/p>\n<p>El Padre de la Patria \u201cten\u00eda una gran capacidad de an\u00e1lisis pol\u00edtico y entiende que embanderarse, en ese contexto, tampoco lo convence. No est\u00e1 completamente de acuerdo con lo que est\u00e1 haciendo Rosas pero defiende a muerte su pol\u00edtica exterior. Por eso le dona el sable en su primer testamento\u201d.<\/p>\n<p>&nbsp;<\/p>\n<p><strong>De Balzac a V\u00edctor Hugo<\/strong><\/p>\n<p>Alejado definitivamente de las vicisitudes del R\u00edo de la Plata, con la tranquilidad econ\u00f3mica que supuso el pago de su pensi\u00f3n (normalizado primero por Dorrego y despu\u00e9s por Rosas), San Mart\u00edn encontr\u00f3 la tranquilidad que necesitaba y se instal\u00f3 en Par\u00eds para que su hija Mercedes complete los estudios.<\/p>\n<p>\u201cTuvo una vida muy linda en Francia, muy interesante, donde conoci\u00f3 a las grandes figuras de la cultura de la \u00e9poca de la mano de su querido amigo Alejandro Aguado, banquero y mecenas que era empresario de la Opera de Par\u00eds, lo que le permiti\u00f3 conocer a Honore Blazac, a Gaetano Donizetti, a V\u00edctor Hugo, etc, figuras con las que se frecuentaba\u201d, destaca Pigna.<\/p>\n<p>En aquella primera mitad del siglo XIX el Romanticismo campeaba en Europa, y San Mart\u00edn resultaba una figura muy atractiva para quienes valoraban la \u00e9pica, los sentimientos, el hero\u00edsmo y la lucha por la libertad y el bienestar del hombre.<\/p>\n<p>\u201cHay una carta muy interesante -asegura Pigna- donde San Mart\u00edn le agradece a Aguado por haberle presentado a figuras tan destacadas de la cultura, a lo que Aguado le contesta: \u2018No se confunda, ellos lo quieren conocer a usted\u2019. Despu\u00e9s de todo era el Libertador de Am\u00e9rica y era muy interesante conocerlo\u201d.<\/p>\n<p>Seg\u00fan Pigna, el final de la vida de San Mart\u00edn en Francia \u201ctambi\u00e9n fue una \u00e9poca en que disfrut\u00f3 a sus nietas, las hijas de Mercedes, Merceditas y Pepita; de sus tiempos en Grand Bourg, en \u00c9vry, que es una ciudad cercana a Par\u00eds; de las entrevistas con mucha gente que lo iba a ver, como Domingo Faustino Sarmiento o Juan Bautista Alberdi\u201d.<\/p>\n<p>&nbsp;<\/p>\n<p><strong>Los libros y la noche<\/strong><\/p>\n<p>Longevo para la \u00e9poca, falleci\u00f3 el 17 de agosto de 1850 a los 72 a\u00f1os, San Mart\u00edn padec\u00eda varios problemas de salud. Si bien estos se aliviaron cuando se instal\u00f3 en Francia y logr\u00f3 tener una vida relativamente feliz, igual lo afectaban el reuma, la artrosis y el asma.<\/p>\n<p>\u201cDespu\u00e9s de los sucesos de 1848 en Par\u00eds decide viajar a Inglaterra y cuando est\u00e1 a punto de cruzar el Canal de la Mancha conoce al director de la Biblioteca P\u00fablica de Boulogne Sur Mer, quien le ofrece alquilarle a muy bajo precio su casa, que est\u00e1 en los altos de la Biblioteca P\u00fablica. Como San Mart\u00edn era un gran lector la propuesta lo convence y all\u00ed pasar\u00e1 los \u00faltimos a\u00f1os de su vida\u201d, asegura Pigna.<\/p>\n<p>Sin embargo, al igual que le sucedi\u00f3 a Borges poco m\u00e1s de un siglo despu\u00e9s, la noche caer\u00e1 sobre sus libros. \u201cSan Mart\u00edn padec\u00eda de cataratas, lo operan y por una mala pr\u00e1xis queda ciego\u201d, cuenta el historiador, y detalla que \u201cpasar\u00e1 los dos \u00faltimos a\u00f1os de su vida en estado de ceguera, con su hija Mercedes ley\u00e9ndole diarios y libros en aquella casa de Boulogne Sur Mer\u201d.<\/p>\n<p>La ceguera puede correr un velo triste, pero no puede da\u00f1ar el tiempo ni la memoria hist\u00f3rica. \u201cPensar a San Mart\u00edn hoy -reflexiona Pigna- es pensar en una persona absolutamente honesta y coherente en su pensamiento y en su acci\u00f3n: lo que pensaba lo hac\u00eda y lo que hac\u00eda lo pensaba\u201d.<\/p>\n<p>\u201cUn gran luchador por la libertad -agrega-, por la independencia, por la dignidad de los pueblos. Un hombre al que le importaba mucho los pueblos originarios, los derechos de la mujer, y que ten\u00eda una gran pasi\u00f3n por la educaci\u00f3n, la cultura y el saber de los pueblos. Una persona que tiene legados m\u00faltiples, entre ellos el de ser un gran promotor de nuestra independencia, no solamente desde el punto de vista militar\u201d.<\/p>\n<p>Un hombre. Un luchador. Un pr\u00f3cer. Una voz que supo ser aquello que hac\u00eda para s\u00ed y para los dem\u00e1s.<\/p>\n","protected":false},"excerpt":{"rendered":"<p>Concluida la campa\u00f1a libertadora se exilia en Europa pero no se desentiende de lo que sucede en el pa\u00eds. La diplomacia en Inglaterra, un retorno fallido y el sable para Rosas. Blazac, Victor Hugo y el ocaso entre los libros y la noche. \u201cSan Mart\u00edn tiene legados m\u00faltiples, entre ellos el de ser un gran promotor de nuestra independencia, no solo militar\u201d, dice el historiador Felipe Pigna. Tercera y \u00faltima entrega sobre el Libertador a 171 a\u00f1os de su muerte &nbsp; &nbsp; \u201cNadie rebaje a l\u00e1grima o reproche\/ esta declaraci\u00f3n&#8230;<\/p>\n","protected":false},"author":3,"featured_media":76577,"comment_status":"closed","ping_status":"closed","sticky":false,"template":"","format":"standard","meta":[],"categories":[4],"tags":[],"_links":{"self":[{"href":"https:\/\/www.actualidadadiario.com\/index.php\/wp-json\/wp\/v2\/posts\/76576"}],"collection":[{"href":"https:\/\/www.actualidadadiario.com\/index.php\/wp-json\/wp\/v2\/posts"}],"about":[{"href":"https:\/\/www.actualidadadiario.com\/index.php\/wp-json\/wp\/v2\/types\/post"}],"author":[{"embeddable":true,"href":"https:\/\/www.actualidadadiario.com\/index.php\/wp-json\/wp\/v2\/users\/3"}],"replies":[{"embeddable":true,"href":"https:\/\/www.actualidadadiario.com\/index.php\/wp-json\/wp\/v2\/comments?post=76576"}],"version-history":[{"count":1,"href":"https:\/\/www.actualidadadiario.com\/index.php\/wp-json\/wp\/v2\/posts\/76576\/revisions"}],"predecessor-version":[{"id":76578,"href":"https:\/\/www.actualidadadiario.com\/index.php\/wp-json\/wp\/v2\/posts\/76576\/revisions\/76578"}],"wp:featuredmedia":[{"embeddable":true,"href":"https:\/\/www.actualidadadiario.com\/index.php\/wp-json\/wp\/v2\/media\/76577"}],"wp:attachment":[{"href":"https:\/\/www.actualidadadiario.com\/index.php\/wp-json\/wp\/v2\/media?parent=76576"}],"wp:term":[{"taxonomy":"category","embeddable":true,"href":"https:\/\/www.actualidadadiario.com\/index.php\/wp-json\/wp\/v2\/categories?post=76576"},{"taxonomy":"post_tag","embeddable":true,"href":"https:\/\/www.actualidadadiario.com\/index.php\/wp-json\/wp\/v2\/tags?post=76576"}],"curies":[{"name":"wp","href":"https:\/\/api.w.org\/{rel}","templated":true}]}}