{"id":76556,"date":"2021-08-17T12:42:23","date_gmt":"2021-08-17T15:42:23","guid":{"rendered":"https:\/\/www.actualidadadiario.com\/?p=76556"},"modified":"2021-08-17T12:42:23","modified_gmt":"2021-08-17T15:42:23","slug":"se-acondicionara-una-escuela-secundaria-de-zona-rural-en-el-departamento-de-federacion","status":"publish","type":"post","link":"https:\/\/www.actualidadadiario.com\/index.php\/2021\/08\/17\/se-acondicionara-una-escuela-secundaria-de-zona-rural-en-el-departamento-de-federacion\/","title":{"rendered":"Se acondicionar\u00e1 una escuela secundaria de zona rural en el departamento de Federaci\u00f3n"},"content":{"rendered":"<p style=\"text-align: center;\"><em><strong>Con una inversi\u00f3n prevista que supera los 5,7 millones de pesos, el gobierno entrerriano, a trav\u00e9s de la Unidad Ejecutora Provincial, refaccionar\u00e1 la escuela N\u00ba 18 Pedro Cornal\u00f3, ubicada en Colonia Villa Libertad del departamento de Federaci\u00f3n<\/strong><\/em><\/p>\n<p>&nbsp;<\/p>\n<p>&nbsp;<\/p>\n<p>En el marco del plan de obras de emergencia covid-19, los trabajos proyectados para el establecimiento educativo tienen por objetivo garantizar las condiciones edilicias y sanitarias para el correcto cumplimiento de los protocolos de cuidado y prevenci\u00f3n establecidos debido a la pandemia, asegurando al mismo tiempo, tanto los insumos de higiene, como el acceso al agua potable apta para consumo.<\/p>\n<p>Las tareas ser\u00e1n financiadas a trav\u00e9s de una l\u00ednea de acci\u00f3n destinada a obras menores en el que ofrece el Ministerio de Educaci\u00f3n de la Naci\u00f3n bajo el Programa 37.<\/p>\n<p>En este sentido, los establecimientos a intervenir son seleccionados por el Consejo General de Educaci\u00f3n (CGE) luego del relevamiento en el territorio efectuado por directores departamentales de escuelas y jefes zonales de la Subsecretar\u00eda de Arquitectura.<\/p>\n<p>&nbsp;<\/p>\n<p><strong>Detalle de las obras<\/strong><\/p>\n<p>Con un plazo de ejecuci\u00f3n de 90 d\u00edas corridos, la obra prev\u00e9 la construcci\u00f3n de un nuevo grupo sanitario accesible para el nivel secundario que comparte edificio con el primario.<\/p>\n<p>Adem\u00e1s, se contemplan tareas de refacci\u00f3n general en la instalaci\u00f3n el\u00e9ctrica de todo el establecimiento y el reacondicionamiento de los sanitarios existentes mediante trabajos de revoque, pintura y reposici\u00f3n de piezas faltantes del revestimiento.<\/p>\n","protected":false},"excerpt":{"rendered":"<p>Con una inversi\u00f3n prevista que supera los 5,7 millones de pesos, el gobierno entrerriano, a trav\u00e9s de la Unidad Ejecutora Provincial, refaccionar\u00e1 la escuela N\u00ba 18 Pedro Cornal\u00f3, ubicada en Colonia Villa Libertad del departamento de Federaci\u00f3n &nbsp; &nbsp; En el marco del plan de obras de emergencia covid-19, los trabajos proyectados para el establecimiento educativo tienen por objetivo garantizar las condiciones edilicias y sanitarias para el correcto cumplimiento de los protocolos de cuidado y prevenci\u00f3n establecidos debido a la pandemia, asegurando al mismo tiempo, tanto los insumos de higiene,&#8230;<\/p>\n","protected":false},"author":3,"featured_media":73053,"comment_status":"closed","ping_status":"closed","sticky":false,"template":"","format":"standard","meta":[],"categories":[9,15],"tags":[],"_links":{"self":[{"href":"https:\/\/www.actualidadadiario.com\/index.php\/wp-json\/wp\/v2\/posts\/76556"}],"collection":[{"href":"https:\/\/www.actualidadadiario.com\/index.php\/wp-json\/wp\/v2\/posts"}],"about":[{"href":"https:\/\/www.actualidadadiario.com\/index.php\/wp-json\/wp\/v2\/types\/post"}],"author":[{"embeddable":true,"href":"https:\/\/www.actualidadadiario.com\/index.php\/wp-json\/wp\/v2\/users\/3"}],"replies":[{"embeddable":true,"href":"https:\/\/www.actualidadadiario.com\/index.php\/wp-json\/wp\/v2\/comments?post=76556"}],"version-history":[{"count":1,"href":"https:\/\/www.actualidadadiario.com\/index.php\/wp-json\/wp\/v2\/posts\/76556\/revisions"}],"predecessor-version":[{"id":76557,"href":"https:\/\/www.actualidadadiario.com\/index.php\/wp-json\/wp\/v2\/posts\/76556\/revisions\/76557"}],"wp:featuredmedia":[{"embeddable":true,"href":"https:\/\/www.actualidadadiario.com\/index.php\/wp-json\/wp\/v2\/media\/73053"}],"wp:attachment":[{"href":"https:\/\/www.actualidadadiario.com\/index.php\/wp-json\/wp\/v2\/media?parent=76556"}],"wp:term":[{"taxonomy":"category","embeddable":true,"href":"https:\/\/www.actualidadadiario.com\/index.php\/wp-json\/wp\/v2\/categories?post=76556"},{"taxonomy":"post_tag","embeddable":true,"href":"https:\/\/www.actualidadadiario.com\/index.php\/wp-json\/wp\/v2\/tags?post=76556"}],"curies":[{"name":"wp","href":"https:\/\/api.w.org\/{rel}","templated":true}]}}