{"id":76554,"date":"2021-08-17T12:41:35","date_gmt":"2021-08-17T15:41:35","guid":{"rendered":"https:\/\/www.actualidadadiario.com\/?p=76554"},"modified":"2021-08-17T12:41:35","modified_gmt":"2021-08-17T15:41:35","slug":"esta-semana-volvera-a-sesionar-la-camara-de-diputados","status":"publish","type":"post","link":"https:\/\/www.actualidadadiario.com\/index.php\/2021\/08\/17\/esta-semana-volvera-a-sesionar-la-camara-de-diputados\/","title":{"rendered":"Esta semana volver\u00e1 a sesionar la C\u00e1mara de Diputados"},"content":{"rendered":"<p style=\"text-align: center;\"><em><strong>La sesi\u00f3n tendr\u00eda lugar este mi\u00e9rcoles a las 11 y, adem\u00e1s, se reunir\u00e1 la Comisi\u00f3n\u00a0 de\u00a0 Recursos Naturales y Ambiente para tratar un proyecto que promueve la forestaci\u00f3n de las adyacencias de las rutas y la denominada \u201cLey de Huertas\u201d<\/strong><\/em><\/p>\n<p>&nbsp;<\/p>\n<p>&nbsp;<\/p>\n<p>La C\u00e1mara de Diputados de Entre R\u00edos est\u00e1 convocada para sesionar los d\u00edas martes, mi\u00e9rcoles y jueves de esta semana, aunque habitualmente los mi\u00e9rcoles cada 15 d\u00edas suelen tener lugar las sesiones.<\/p>\n<p>Por otra parte, el jueves a las 10 se re\u00fane la Comisi\u00f3n de Recursos Naturales y Ambiente, que preside el diputado Sergio Castrill\u00f3n (Bloque Frente Justicialista CREER Entre R\u00edos).<\/p>\n<p>Se tratar\u00e1n tres proyectos: uno promueve la forestaci\u00f3n de las adyacencias de las rutas, el otro se denomina \u201cLey de Huertas\u201d y el \u00faltimo dispone la creaci\u00f3n del Sistema de Recolecci\u00f3n de Aguas de Lluvia.<\/p>\n<p>&nbsp;<\/p>\n<p><strong>Forestaci\u00f3n de las adyacencias de las rutas<\/strong><\/p>\n<p>Una de las iniciativas que tratar\u00e1 la Comisi\u00f3n de Recursos Naturales y Ambiente en su reuni\u00f3n del jueves un proyecto que apunta a \u201cfomentar la forestaci\u00f3n de la zona de camino de las rutas provinciales en sus m\u00e1rgenes y adyacencias de manera de promover el impacto positivo de la vegetaci\u00f3n nativa\u201d.<\/p>\n<p>La iniciativa establece que \u201cla Direcci\u00f3n Provincial de Vialidad Provincial dise\u00f1ar\u00e1, formular\u00e1 y ejecutar\u00e1 un Programa de Forestaci\u00f3n que deber\u00e1 ser aprobado por la Secretar\u00eda de Ambiente de la Provincia, el cual se llevar\u00e1 adelante con la implantaci\u00f3n de ejemplares de especies arb\u00f3reas nativas, arbustivas y herb\u00e1ceas\u201d.<\/p>\n<p>Otro proyecto que tratar\u00e1 la comisi\u00f3n es el denominado \u201cLey de Huertas\u201d, que tiene como fin \u201cestablecerlos conceptos, principios, modalidades, procedimientos y herramientas para la creaci\u00f3n, mantenimiento y explotaci\u00f3n de huertas agroecol\u00f3gicas en las \u00e1reas urbanas y periurbanas de Entre R\u00edos\u201d.<\/p>\n<p>La meta es \u201cdise\u00f1ar, promover, implementar y supervisar el desarrollo de la Agricultura Urbana y Periurbana en el territorio de la provincia de Entre R\u00edos\u201d, se\u00f1ala el proyecto impulsado por el diputado Sergio Castrill\u00f3n (PJ-Frente Creer).<\/p>\n<p>Por \u00faltimo, se tratar\u00e1 una iniciativa de Jos\u00e9 C\u00e1ceres que dispone la creaci\u00f3n del Sistema de Recolecci\u00f3n de Aguas de Lluvia.<\/p>\n","protected":false},"excerpt":{"rendered":"<p>La sesi\u00f3n tendr\u00eda lugar este mi\u00e9rcoles a las 11 y, adem\u00e1s, se reunir\u00e1 la Comisi\u00f3n\u00a0 de\u00a0 Recursos Naturales y Ambiente para tratar un proyecto que promueve la forestaci\u00f3n de las adyacencias de las rutas y la denominada \u201cLey de Huertas\u201d &nbsp; &nbsp; La C\u00e1mara de Diputados de Entre R\u00edos est\u00e1 convocada para sesionar los d\u00edas martes, mi\u00e9rcoles y jueves de esta semana, aunque habitualmente los mi\u00e9rcoles cada 15 d\u00edas suelen tener lugar las sesiones. Por otra parte, el jueves a las 10 se re\u00fane la Comisi\u00f3n de Recursos Naturales y&#8230;<\/p>\n","protected":false},"author":3,"featured_media":75022,"comment_status":"closed","ping_status":"closed","sticky":false,"template":"","format":"standard","meta":[],"categories":[15],"tags":[],"_links":{"self":[{"href":"https:\/\/www.actualidadadiario.com\/index.php\/wp-json\/wp\/v2\/posts\/76554"}],"collection":[{"href":"https:\/\/www.actualidadadiario.com\/index.php\/wp-json\/wp\/v2\/posts"}],"about":[{"href":"https:\/\/www.actualidadadiario.com\/index.php\/wp-json\/wp\/v2\/types\/post"}],"author":[{"embeddable":true,"href":"https:\/\/www.actualidadadiario.com\/index.php\/wp-json\/wp\/v2\/users\/3"}],"replies":[{"embeddable":true,"href":"https:\/\/www.actualidadadiario.com\/index.php\/wp-json\/wp\/v2\/comments?post=76554"}],"version-history":[{"count":1,"href":"https:\/\/www.actualidadadiario.com\/index.php\/wp-json\/wp\/v2\/posts\/76554\/revisions"}],"predecessor-version":[{"id":76555,"href":"https:\/\/www.actualidadadiario.com\/index.php\/wp-json\/wp\/v2\/posts\/76554\/revisions\/76555"}],"wp:featuredmedia":[{"embeddable":true,"href":"https:\/\/www.actualidadadiario.com\/index.php\/wp-json\/wp\/v2\/media\/75022"}],"wp:attachment":[{"href":"https:\/\/www.actualidadadiario.com\/index.php\/wp-json\/wp\/v2\/media?parent=76554"}],"wp:term":[{"taxonomy":"category","embeddable":true,"href":"https:\/\/www.actualidadadiario.com\/index.php\/wp-json\/wp\/v2\/categories?post=76554"},{"taxonomy":"post_tag","embeddable":true,"href":"https:\/\/www.actualidadadiario.com\/index.php\/wp-json\/wp\/v2\/tags?post=76554"}],"curies":[{"name":"wp","href":"https:\/\/api.w.org\/{rel}","templated":true}]}}