{"id":76548,"date":"2021-08-17T12:39:56","date_gmt":"2021-08-17T15:39:56","guid":{"rendered":"https:\/\/www.actualidadadiario.com\/?p=76548"},"modified":"2021-08-17T12:39:56","modified_gmt":"2021-08-17T15:39:56","slug":"casaretto-a-lena-y-benedetti-quieren-generar-titulos-en-algunos-medios","status":"publish","type":"post","link":"https:\/\/www.actualidadadiario.com\/index.php\/2021\/08\/17\/casaretto-a-lena-y-benedetti-quieren-generar-titulos-en-algunos-medios\/","title":{"rendered":"Casaretto a Lena y Benedetti: \u201cQuieren generar t\u00edtulos en algunos medios\u201d"},"content":{"rendered":"<p style=\"text-align: center;\"><em><strong>El justicialista sostuvo que en los cuatro a\u00f1os de la gesti\u00f3n de Juntos por el Cambio se acumularon pedidos de juicio pol\u00edtico contra Macri y Bullrich y la Comisi\u00f3n Investigadora ni siquiera se reuni\u00f3<\/strong><\/em><\/p>\n<p>&nbsp;<\/p>\n<p>&nbsp;<\/p>\n<p>La oposici\u00f3n present\u00f3 el pedido de juicio pol\u00edtico a Alberto Fern\u00e1ndez por haber violado el DNU, el 14 de julio de 2020, para festejar el cumplea\u00f1os de Fabiola Y\u00e1\u00f1ez con m\u00e1s de 10 personas.<\/p>\n<p>Marcelo Casaretto sali\u00f3 al cruce de las denuncias, que firmaron entre otros los diputados nacionales de Juntos por el Cambio Entre R\u00edos Gabriela Lena y Atilio Benedetti, y defendi\u00f3 al Presidente.<\/p>\n<p>\u201cPara seguir con el juicio pol\u00edtico hay que tener 172 diputados, m\u00e1s all\u00e1 de la repercusi\u00f3n medi\u00e1tica, no tienen ninguna chance de avanzar en el Congreso nacional\u201d, coment\u00f3 el diputado del Frente de Todos, quien expres\u00f3 que en la oposici\u00f3n dan\u00a0 \u201cgolpes bajos con el chico que se muri\u00f3 para que se vaya\u201d. Asegur\u00f3 que el Presidente \u201cno va renunciar por una reuni\u00f3n de 12 personas\u201d.<\/p>\n<p>El legislador explic\u00f3 el panorama: \u201cLa oposici\u00f3n no tiene ninguna chance de prosperar, m\u00e1s all\u00e1 de generar algunos t\u00edtulos en algunos medios\u201d. Y dio n\u00fameros: \u201cEl interbloque de Juntos por el Cambio tiene 115 diputados, y aunque todos coincidieran, no est\u00e1n ni cerca del n\u00famero de 129 para tratar una eventual Comisi\u00f3n Investigadora y mucho menos para llegar a los 172 diputados para un eventual juicio pol\u00edtico. En los 4 a\u00f1os anteriores se acumularon por decenas pedidos de juicio pol\u00edtico a Mauricio Macri, a Patricia Bullrich, a Juan Aranguren, a Luis Caputo, entre otros; y la comisi\u00f3n presidida por \u00c1lvaro Gonz\u00e1lez (PRO) y Javier Pretto (PRO) no se reuni\u00f3 en 4 a\u00f1os. Esto no tiene m\u00e1s trascendencia que alguna intensidad medi\u00e1tica en campa\u00f1a electoral\u201d, sostuvo en su red social Twitter.<\/p>\n","protected":false},"excerpt":{"rendered":"<p>El justicialista sostuvo que en los cuatro a\u00f1os de la gesti\u00f3n de Juntos por el Cambio se acumularon pedidos de juicio pol\u00edtico contra Macri y Bullrich y la Comisi\u00f3n Investigadora ni siquiera se reuni\u00f3 &nbsp; &nbsp; La oposici\u00f3n present\u00f3 el pedido de juicio pol\u00edtico a Alberto Fern\u00e1ndez por haber violado el DNU, el 14 de julio de 2020, para festejar el cumplea\u00f1os de Fabiola Y\u00e1\u00f1ez con m\u00e1s de 10 personas. Marcelo Casaretto sali\u00f3 al cruce de las denuncias, que firmaron entre otros los diputados nacionales de Juntos por el Cambio&#8230;<\/p>\n","protected":false},"author":3,"featured_media":76549,"comment_status":"closed","ping_status":"closed","sticky":false,"template":"","format":"standard","meta":[],"categories":[15],"tags":[],"_links":{"self":[{"href":"https:\/\/www.actualidadadiario.com\/index.php\/wp-json\/wp\/v2\/posts\/76548"}],"collection":[{"href":"https:\/\/www.actualidadadiario.com\/index.php\/wp-json\/wp\/v2\/posts"}],"about":[{"href":"https:\/\/www.actualidadadiario.com\/index.php\/wp-json\/wp\/v2\/types\/post"}],"author":[{"embeddable":true,"href":"https:\/\/www.actualidadadiario.com\/index.php\/wp-json\/wp\/v2\/users\/3"}],"replies":[{"embeddable":true,"href":"https:\/\/www.actualidadadiario.com\/index.php\/wp-json\/wp\/v2\/comments?post=76548"}],"version-history":[{"count":1,"href":"https:\/\/www.actualidadadiario.com\/index.php\/wp-json\/wp\/v2\/posts\/76548\/revisions"}],"predecessor-version":[{"id":76550,"href":"https:\/\/www.actualidadadiario.com\/index.php\/wp-json\/wp\/v2\/posts\/76548\/revisions\/76550"}],"wp:featuredmedia":[{"embeddable":true,"href":"https:\/\/www.actualidadadiario.com\/index.php\/wp-json\/wp\/v2\/media\/76549"}],"wp:attachment":[{"href":"https:\/\/www.actualidadadiario.com\/index.php\/wp-json\/wp\/v2\/media?parent=76548"}],"wp:term":[{"taxonomy":"category","embeddable":true,"href":"https:\/\/www.actualidadadiario.com\/index.php\/wp-json\/wp\/v2\/categories?post=76548"},{"taxonomy":"post_tag","embeddable":true,"href":"https:\/\/www.actualidadadiario.com\/index.php\/wp-json\/wp\/v2\/tags?post=76548"}],"curies":[{"name":"wp","href":"https:\/\/api.w.org\/{rel}","templated":true}]}}