{"id":76545,"date":"2021-08-17T12:39:07","date_gmt":"2021-08-17T15:39:07","guid":{"rendered":"https:\/\/www.actualidadadiario.com\/?p=76545"},"modified":"2021-08-17T12:39:07","modified_gmt":"2021-08-17T15:39:07","slug":"con-un-92-por-ciento-de-ocupacion-el-turismo-genero-490-millones-de-pesos-en-entre-rios","status":"publish","type":"post","link":"https:\/\/www.actualidadadiario.com\/index.php\/2021\/08\/17\/con-un-92-por-ciento-de-ocupacion-el-turismo-genero-490-millones-de-pesos-en-entre-rios\/","title":{"rendered":"Con un 92 por ciento de ocupaci\u00f3n el turismo gener\u00f3 490 millones de pesos en Entre R\u00edos"},"content":{"rendered":"<p style=\"text-align: center;\"><em><strong>Desde la Secretar\u00eda de Turismo de Entre R\u00edos estimaron que unas 100.000 personas ingresaron a la provincia en plan de descanso durante este fin de semana largo, lo que gener\u00f3 un movimiento econ\u00f3mico cercano a los 490 millones de pesos<\/strong><\/em><\/p>\n<p>&nbsp;<\/p>\n<p>&nbsp;<\/p>\n<p>La estad\u00eda promedio se calcul\u00f3 en 2.3 noches, y la ocupaci\u00f3n de camas hoteleras y extrahoteleras rond\u00f3 el 92 por ciento.<\/p>\n<p>&#8220;Trabajamos mucho junto al sector tur\u00edstico para poder reactivar la actividad que tantos puestos de trabajo genera en la provincia. Debemos cuidar lo que hemos logrado para poder seguir en este camino que queremos&#8221;, expres\u00f3 el gobernador Gustavo Bordet.<\/p>\n<p>El mandatario puso de relieve &#8220;las sucesivas medidas de apoyo econ\u00f3mico, alivio fiscal y asistencia que implementamos en la provincia y articulamos con el gobierno nacional para proteger las empresas y el trabajo&#8221;.<\/p>\n<p>Para finalizar, Bordet explic\u00f3 que &#8220;este resultado que vivimos el fin de semana en materia tur\u00edstica es una muestra de lo que podemos lograr si trabajamos responsablemente, respetamos los protocolos sanitarios y seguimos vacunando a la poblaci\u00f3n como lo venimos haciendo&#8221;.<\/p>\n<p>Los datos del fin de semana largo reflejan la actividad de 15 localidades entrerrianas. Junto a las encuestas de perfil de turistas, se verific\u00f3 que el buen nivel de reservas hoteleras creci\u00f3 hasta \u00faltimo momento.<\/p>\n<p>\u201cGeneramos las condiciones para que Entre R\u00edos sea un destino seguro y los datos marcan que estamos en el buen camino; el di\u00e1logo con el sector empresario permiti\u00f3 concretar herramientas para volver paulatinamente al trabajo\u201d sentenci\u00f3 el ministro de Producci\u00f3n y Turismo, Juan Jos\u00e9 Bahillo, al dar cuenta de los resultados del fin de semana.<\/p>\n<p>Las nuevas flexibilizaciones adoptadas por los gobiernos nacional y provincial en el marco de pandemia, la promoci\u00f3n previa de los sectores p\u00fablicos y privado, y el clima con temperaturas agradables, volcaron a miles de argentinos a las rutas para trasladarse hacia alg\u00fan lugar de la provincia de Entre R\u00edos y disfrutar de unos d\u00edas de descanso y esparcimiento. Los registros marcan que vinieron familias de casi todo el pa\u00eds, en especial de provincias vecinas.<\/p>\n<p>Termas, actividades en \u00e1reas naturales, turismo rural, vi\u00f1edos, excursiones n\u00e1uticas, ferias de artesanos y gastron\u00f3micas, paseos urbanos de historia y cultura, fueron algunas de las actividades buscadas por los visitantes. Los municipios entrerrianos organizaron una extensa agenda con protocolos y cuidados correspondientes, para garantizar el disfrute de los turistas. Los espacios abiertos, la combinaci\u00f3n con atractivos y localidades cercanas, generando circuitos y rutas tem\u00e1ticas ayudan en la desconcentraci\u00f3n del p\u00fablico y mejora la calidad en la atenci\u00f3n y en la experiencia del turista.<\/p>\n<p>En la valoraci\u00f3n que realizan de Entre R\u00edos los turistas figuran en la cima los atractivos naturales, las termas y el espacio que evita toda clase de aglomeraci\u00f3n de personas. Se pondera como positivo la aplicaci\u00f3n profesional de protocolos Covid 19, como tambi\u00e9n la tranquilidad, seguridad, y cordialidad de los entrerrianos a la hora de la elecci\u00f3n.<\/p>\n<p>El turismo de cercan\u00edas se convierte en uno de los principales motivos de decisi\u00f3n, como tambi\u00e9n el aprovechar promociones y descuentos que realizan algunos destinos en alojamientos y otros servicios, ideal para aminorar el gasto de las familias cuando viajan.<\/p>\n<p>&#8220;De cara a la temporada de verano nos preparamos con una campa\u00f1a de promoci\u00f3n integral, haciendo hincapi\u00e9 en los cuidados porque el mundo ha cambiado y el turismo tambi\u00e9n, y queremos que nos sigan eligiendo por la responsabilidad que mostramos\u201d coment\u00f3 Gast\u00f3n Irasusta, secretario de Turismo. Incluso defini\u00f3 como \u201cmuy importante\u201d el programa nacional Pre Viaje, que propone descuentos en paquetes y servicios tur\u00edsticos para nuevos consumos durante 2022 y que llegan al 50 por ciento.<\/p>\n","protected":false},"excerpt":{"rendered":"<p>Desde la Secretar\u00eda de Turismo de Entre R\u00edos estimaron que unas 100.000 personas ingresaron a la provincia en plan de descanso durante este fin de semana largo, lo que gener\u00f3 un movimiento econ\u00f3mico cercano a los 490 millones de pesos &nbsp; &nbsp; La estad\u00eda promedio se calcul\u00f3 en 2.3 noches, y la ocupaci\u00f3n de camas hoteleras y extrahoteleras rond\u00f3 el 92 por ciento. &#8220;Trabajamos mucho junto al sector tur\u00edstico para poder reactivar la actividad que tantos puestos de trabajo genera en la provincia. Debemos cuidar lo que hemos logrado para&#8230;<\/p>\n","protected":false},"author":3,"featured_media":76546,"comment_status":"closed","ping_status":"closed","sticky":false,"template":"","format":"standard","meta":[],"categories":[9,15],"tags":[],"_links":{"self":[{"href":"https:\/\/www.actualidadadiario.com\/index.php\/wp-json\/wp\/v2\/posts\/76545"}],"collection":[{"href":"https:\/\/www.actualidadadiario.com\/index.php\/wp-json\/wp\/v2\/posts"}],"about":[{"href":"https:\/\/www.actualidadadiario.com\/index.php\/wp-json\/wp\/v2\/types\/post"}],"author":[{"embeddable":true,"href":"https:\/\/www.actualidadadiario.com\/index.php\/wp-json\/wp\/v2\/users\/3"}],"replies":[{"embeddable":true,"href":"https:\/\/www.actualidadadiario.com\/index.php\/wp-json\/wp\/v2\/comments?post=76545"}],"version-history":[{"count":1,"href":"https:\/\/www.actualidadadiario.com\/index.php\/wp-json\/wp\/v2\/posts\/76545\/revisions"}],"predecessor-version":[{"id":76547,"href":"https:\/\/www.actualidadadiario.com\/index.php\/wp-json\/wp\/v2\/posts\/76545\/revisions\/76547"}],"wp:featuredmedia":[{"embeddable":true,"href":"https:\/\/www.actualidadadiario.com\/index.php\/wp-json\/wp\/v2\/media\/76546"}],"wp:attachment":[{"href":"https:\/\/www.actualidadadiario.com\/index.php\/wp-json\/wp\/v2\/media?parent=76545"}],"wp:term":[{"taxonomy":"category","embeddable":true,"href":"https:\/\/www.actualidadadiario.com\/index.php\/wp-json\/wp\/v2\/categories?post=76545"},{"taxonomy":"post_tag","embeddable":true,"href":"https:\/\/www.actualidadadiario.com\/index.php\/wp-json\/wp\/v2\/tags?post=76545"}],"curies":[{"name":"wp","href":"https:\/\/api.w.org\/{rel}","templated":true}]}}