{"id":76542,"date":"2021-08-17T12:37:25","date_gmt":"2021-08-17T15:37:25","guid":{"rendered":"https:\/\/www.actualidadadiario.com\/?p=76542"},"modified":"2021-08-17T12:37:25","modified_gmt":"2021-08-17T15:37:25","slug":"alberto-y-cristina-entregaran-viviendas-y-reactivaran-la-campana","status":"publish","type":"post","link":"https:\/\/www.actualidadadiario.com\/index.php\/2021\/08\/17\/alberto-y-cristina-entregaran-viviendas-y-reactivaran-la-campana\/","title":{"rendered":"Alberto y Cristina entregar\u00e1n viviendas y reactivar\u00e1n la campa\u00f1a"},"content":{"rendered":"<p style=\"text-align: center;\"><em><strong>El Presidente y la vice encabezar\u00e1n un acto juntos en Avellaneda, donde entregar\u00e1n viviendas y anunciar\u00e1n un plan habitacional<\/strong><\/em><\/p>\n<p>&nbsp;<\/p>\n<p>&nbsp;<\/p>\n<p>Alberto Fern\u00e1ndez y Cristina Kirchner volver\u00e1n a compartir un acto este martes por la tarde en Isla Maciel, donde entregar\u00e1n la vivienda n\u00famero 20 mil construida desde que el Frente de Todos asumi\u00f3 el gobierno, y anunciar\u00e1n un plan de H\u00e1bitat Integral.<\/p>\n<p>El acto est\u00e1 previsto para este martes a las 15 y ser\u00e1 el primer acto conjunto del presidente y la vice tras el que compartieron semanas atr\u00e1s en el cierre de listas del Frente de Todos de cara a las elecciones legislativas.<\/p>\n<p>Hoy, adem\u00e1s, ser\u00e1 el \u00faltimo acto p\u00fablico donde el gobierno har\u00e1 inauguraciones, tal como lo establece el calendario electoral de cara a las PASO del 12 de septiembre.<\/p>\n<p>En el acto el gobierno buscar\u00e1 relanzar la campa\u00f1a electoral, luego de una semana cargada de pol\u00e9micas a ra\u00edz de la foto del Presidente junto a la primera dama, Fabiola Y\u00e1\u00f1ez, en plena cuarentena estricta en 2020, y el posterior pedido de disculpas, que Fern\u00e1ndez reiter\u00f3 ayer durante un acto en La Matanza.<\/p>\n<p>Ayer el Presidente apunt\u00f3 con dureza a Mauricio Macri y afirm\u00f3 que nunca deber\u00e1 pedir disculpas por arrodillarse ante el FMI o por cerrar el Ministerio de Salud.<\/p>\n<p>&#8220;Algunos leyeron mis palabras a su modo. Dijeron que le ech\u00e9 la culpa a mi compa\u00f1era, el \u00fanico responsable soy yo y me hago cargo&#8221;, remarc\u00f3 de forma vehemente. &#8220;Si piensan que me van a hacer caer por un error, sepan que aumentan mis convicciones, eso es lo \u00fanico que logran y consiguen&#8221;, sostuvo.<\/p>\n<p>Luego, La C\u00e1mpora subi\u00f3 la apuesta y le respondi\u00f3 al expresidente, que en una entrevista con TN afirm\u00f3 que la foto de Olivos generaba \u201cla sensaci\u00f3n de que tocamos fondo\u201d, con una imagen de Macri y Nicol\u00e1s Dujovne en una cena con la extitular del FMI, Christine Lagarde.<\/p>\n<p>En di\u00e1logo con AM750, el fil\u00f3sofo y asesor presidencial Ricardo Forster afirm\u00f3 que Fern\u00e1ndez \u201ces una persona honesta que puede cometer errores\u201d, y apunt\u00f3 contra la oposici\u00f3n: \u201cNo tienen nada para ofrecerle a la sociedad, se apropian de este tipo de errores\u201d.<\/p>\n<p>&nbsp;<\/p>\n<p><strong>Homenaje a Jos\u00e9 de San Mart\u00edn<\/strong><\/p>\n<p>Antes del acto con Cristina Kirchner por la tarde, el Presidente tiene previsto encabezar este martes a las 11.30 el acto por el homenaje a Jos\u00e9 de San Mart\u00edn en el aniversario de su muerte.<\/p>\n","protected":false},"excerpt":{"rendered":"<p>El Presidente y la vice encabezar\u00e1n un acto juntos en Avellaneda, donde entregar\u00e1n viviendas y anunciar\u00e1n un plan habitacional &nbsp; &nbsp; Alberto Fern\u00e1ndez y Cristina Kirchner volver\u00e1n a compartir un acto este martes por la tarde en Isla Maciel, donde entregar\u00e1n la vivienda n\u00famero 20 mil construida desde que el Frente de Todos asumi\u00f3 el gobierno, y anunciar\u00e1n un plan de H\u00e1bitat Integral. El acto est\u00e1 previsto para este martes a las 15 y ser\u00e1 el primer acto conjunto del presidente y la vice tras el que compartieron semanas atr\u00e1s&#8230;<\/p>\n","protected":false},"author":3,"featured_media":76543,"comment_status":"closed","ping_status":"closed","sticky":false,"template":"","format":"standard","meta":[],"categories":[18],"tags":[],"_links":{"self":[{"href":"https:\/\/www.actualidadadiario.com\/index.php\/wp-json\/wp\/v2\/posts\/76542"}],"collection":[{"href":"https:\/\/www.actualidadadiario.com\/index.php\/wp-json\/wp\/v2\/posts"}],"about":[{"href":"https:\/\/www.actualidadadiario.com\/index.php\/wp-json\/wp\/v2\/types\/post"}],"author":[{"embeddable":true,"href":"https:\/\/www.actualidadadiario.com\/index.php\/wp-json\/wp\/v2\/users\/3"}],"replies":[{"embeddable":true,"href":"https:\/\/www.actualidadadiario.com\/index.php\/wp-json\/wp\/v2\/comments?post=76542"}],"version-history":[{"count":1,"href":"https:\/\/www.actualidadadiario.com\/index.php\/wp-json\/wp\/v2\/posts\/76542\/revisions"}],"predecessor-version":[{"id":76544,"href":"https:\/\/www.actualidadadiario.com\/index.php\/wp-json\/wp\/v2\/posts\/76542\/revisions\/76544"}],"wp:featuredmedia":[{"embeddable":true,"href":"https:\/\/www.actualidadadiario.com\/index.php\/wp-json\/wp\/v2\/media\/76543"}],"wp:attachment":[{"href":"https:\/\/www.actualidadadiario.com\/index.php\/wp-json\/wp\/v2\/media?parent=76542"}],"wp:term":[{"taxonomy":"category","embeddable":true,"href":"https:\/\/www.actualidadadiario.com\/index.php\/wp-json\/wp\/v2\/categories?post=76542"},{"taxonomy":"post_tag","embeddable":true,"href":"https:\/\/www.actualidadadiario.com\/index.php\/wp-json\/wp\/v2\/tags?post=76542"}],"curies":[{"name":"wp","href":"https:\/\/api.w.org\/{rel}","templated":true}]}}