{"id":76533,"date":"2021-08-17T12:35:12","date_gmt":"2021-08-17T15:35:12","guid":{"rendered":"https:\/\/www.actualidadadiario.com\/?p=76533"},"modified":"2021-08-17T12:35:12","modified_gmt":"2021-08-17T15:35:12","slug":"cuando-y-con-que-aforo-proyecta-el-gobierno-la-vuelta-del-publico-a-estadios-de-futbol","status":"publish","type":"post","link":"https:\/\/www.actualidadadiario.com\/index.php\/2021\/08\/17\/cuando-y-con-que-aforo-proyecta-el-gobierno-la-vuelta-del-publico-a-estadios-de-futbol\/","title":{"rendered":"Cu\u00e1ndo y con qu\u00e9 aforo proyecta el Gobierno la vuelta del p\u00fablico a estadios de f\u00fatbol"},"content":{"rendered":"<p style=\"text-align: center;\"><em><strong>El ministro de Deportes y Turismo, Mat\u00edas Lammens, dio detalles del trabajo conjunto con Salud para poder recuperar a los hinchas en los partidos del f\u00fatbol argentino<\/strong><\/em><\/p>\n<p>&nbsp;<\/p>\n<p>&nbsp;<\/p>\n<p>El ministro de Deportes y Turismo, Mat\u00edas Lammens, revel\u00f3 que el Gobierno proyecta el retorno del p\u00fablico a los estadios de f\u00fatbol para &#8220;fines de septiembre o principios de octubre&#8221;. Ser\u00eda con un m\u00e1ximo del 30 por ciento de ocupaci\u00f3n de cada estadio de la Liga Profesional y el resto de las categor\u00edas.<\/p>\n<p>\u201cEn estos d\u00edas vamos a definir un cronograma sobre la vuelta del p\u00fablico a los estadios. Estamos muy cerca y trabajando con el Ministerio de Salud para poder confirmarlo en breve. Ser\u00eda para fines de septiembre o principio de octubre\u201d, indic\u00f3 Lammens, en declaraciones televisivas.<\/p>\n<p>\u201cEn las charlas previas se habl\u00f3 de un aforo de 30%\u201d, detall\u00f3 el Ministro, quien tiene un v\u00ednculo cercano con San Lorenzo y Marcelo Tinelli, presidente de la Liga Profesional. Lo que si aclar\u00f3 Lammens es que cuando retorne el p\u00fablico s\u00f3lo ser\u00e1 para los locales: \u201cEso ven\u00eda siendo as\u00ed y es una decisi\u00f3n que hoy no es prioritaria para tomar\u201d.<\/p>\n<p>Las declaraciones del ex presidente de San Lorenzo fueron en sinton\u00eda con la ministra de Salud, Carla Vizzotti, quien d\u00edas atr\u00e1s hab\u00eda dado detalles de la fecha estimada para el regreso de los hinchas, aunque sin confirmaci\u00f3n: \u201cPara la segunda quincena de septiembre y la primera de octubre pensamos volver a analizar la situaci\u00f3n como para ver si podemos avanzar un pasito m\u00e1s en esa apertura sostenida\u201d.<\/p>\n","protected":false},"excerpt":{"rendered":"<p>El ministro de Deportes y Turismo, Mat\u00edas Lammens, dio detalles del trabajo conjunto con Salud para poder recuperar a los hinchas en los partidos del f\u00fatbol argentino &nbsp; &nbsp; El ministro de Deportes y Turismo, Mat\u00edas Lammens, revel\u00f3 que el Gobierno proyecta el retorno del p\u00fablico a los estadios de f\u00fatbol para &#8220;fines de septiembre o principios de octubre&#8221;. Ser\u00eda con un m\u00e1ximo del 30 por ciento de ocupaci\u00f3n de cada estadio de la Liga Profesional y el resto de las categor\u00edas. \u201cEn estos d\u00edas vamos a definir un cronograma&#8230;<\/p>\n","protected":false},"author":3,"featured_media":76534,"comment_status":"closed","ping_status":"closed","sticky":false,"template":"","format":"standard","meta":[],"categories":[18],"tags":[],"_links":{"self":[{"href":"https:\/\/www.actualidadadiario.com\/index.php\/wp-json\/wp\/v2\/posts\/76533"}],"collection":[{"href":"https:\/\/www.actualidadadiario.com\/index.php\/wp-json\/wp\/v2\/posts"}],"about":[{"href":"https:\/\/www.actualidadadiario.com\/index.php\/wp-json\/wp\/v2\/types\/post"}],"author":[{"embeddable":true,"href":"https:\/\/www.actualidadadiario.com\/index.php\/wp-json\/wp\/v2\/users\/3"}],"replies":[{"embeddable":true,"href":"https:\/\/www.actualidadadiario.com\/index.php\/wp-json\/wp\/v2\/comments?post=76533"}],"version-history":[{"count":1,"href":"https:\/\/www.actualidadadiario.com\/index.php\/wp-json\/wp\/v2\/posts\/76533\/revisions"}],"predecessor-version":[{"id":76535,"href":"https:\/\/www.actualidadadiario.com\/index.php\/wp-json\/wp\/v2\/posts\/76533\/revisions\/76535"}],"wp:featuredmedia":[{"embeddable":true,"href":"https:\/\/www.actualidadadiario.com\/index.php\/wp-json\/wp\/v2\/media\/76534"}],"wp:attachment":[{"href":"https:\/\/www.actualidadadiario.com\/index.php\/wp-json\/wp\/v2\/media?parent=76533"}],"wp:term":[{"taxonomy":"category","embeddable":true,"href":"https:\/\/www.actualidadadiario.com\/index.php\/wp-json\/wp\/v2\/categories?post=76533"},{"taxonomy":"post_tag","embeddable":true,"href":"https:\/\/www.actualidadadiario.com\/index.php\/wp-json\/wp\/v2\/tags?post=76533"}],"curies":[{"name":"wp","href":"https:\/\/api.w.org\/{rel}","templated":true}]}}