{"id":76524,"date":"2021-08-17T12:32:25","date_gmt":"2021-08-17T15:32:25","guid":{"rendered":"https:\/\/www.actualidadadiario.com\/?p=76524"},"modified":"2021-08-17T12:32:25","modified_gmt":"2021-08-17T15:32:25","slug":"elecciones-2021-este-miercoles-comienza-la-prohibicion-de-actos-publicos","status":"publish","type":"post","link":"https:\/\/www.actualidadadiario.com\/index.php\/2021\/08\/17\/elecciones-2021-este-miercoles-comienza-la-prohibicion-de-actos-publicos\/","title":{"rendered":"Elecciones 2021: Este mi\u00e9rcoles comienza la prohibici\u00f3n de actos p\u00fablicos"},"content":{"rendered":"<p style=\"text-align: center;\"><em><strong>Seg\u00fan el Cronograma aprobado por la C\u00e1mara Nacional Electoral, este 18 de agosto comienza la prohibici\u00f3n de actos p\u00fablicos por parte de los candidatos a legisladores de cara a las Primarias Abiertas, Simult\u00e1neas y Obligatorias (PASO) que se realizar\u00e1n el pr\u00f3ximo 12 de septiembre<\/strong><\/em><\/p>\n<p>&nbsp;<\/p>\n<p>&nbsp;<\/p>\n<p>A 25 d\u00edas de la elecciones Primarias, este martes los precandidatos a legisladores nacionales deber\u00e1n ponerle fin a los actos p\u00fablicos con el fin de promover la captaci\u00f3n del sufragio. Es que el mi\u00e9rcoles 18 comienza de la prohibici\u00f3n seg\u00fan indica el Cronograma Electoral aprobado.<\/p>\n<p>Del mismo modo, y a 90 d\u00edas de la elecci\u00f3n general, hoy es la fecha l\u00edmite para efectuar la convocatoria a las elecciones generales que finalmente se celebrar\u00e1n el 14 de noviembre tras los cambios que dispusieron como consecuencia de la pandemia de Covid-19.<\/p>\n","protected":false},"excerpt":{"rendered":"<p>Seg\u00fan el Cronograma aprobado por la C\u00e1mara Nacional Electoral, este 18 de agosto comienza la prohibici\u00f3n de actos p\u00fablicos por parte de los candidatos a legisladores de cara a las Primarias Abiertas, Simult\u00e1neas y Obligatorias (PASO) que se realizar\u00e1n el pr\u00f3ximo 12 de septiembre &nbsp; &nbsp; A 25 d\u00edas de la elecciones Primarias, este martes los precandidatos a legisladores nacionales deber\u00e1n ponerle fin a los actos p\u00fablicos con el fin de promover la captaci\u00f3n del sufragio. Es que el mi\u00e9rcoles 18 comienza de la prohibici\u00f3n seg\u00fan indica el Cronograma Electoral&#8230;<\/p>\n","protected":false},"author":3,"featured_media":74998,"comment_status":"closed","ping_status":"closed","sticky":false,"template":"","format":"standard","meta":[],"categories":[9],"tags":[],"_links":{"self":[{"href":"https:\/\/www.actualidadadiario.com\/index.php\/wp-json\/wp\/v2\/posts\/76524"}],"collection":[{"href":"https:\/\/www.actualidadadiario.com\/index.php\/wp-json\/wp\/v2\/posts"}],"about":[{"href":"https:\/\/www.actualidadadiario.com\/index.php\/wp-json\/wp\/v2\/types\/post"}],"author":[{"embeddable":true,"href":"https:\/\/www.actualidadadiario.com\/index.php\/wp-json\/wp\/v2\/users\/3"}],"replies":[{"embeddable":true,"href":"https:\/\/www.actualidadadiario.com\/index.php\/wp-json\/wp\/v2\/comments?post=76524"}],"version-history":[{"count":1,"href":"https:\/\/www.actualidadadiario.com\/index.php\/wp-json\/wp\/v2\/posts\/76524\/revisions"}],"predecessor-version":[{"id":76525,"href":"https:\/\/www.actualidadadiario.com\/index.php\/wp-json\/wp\/v2\/posts\/76524\/revisions\/76525"}],"wp:featuredmedia":[{"embeddable":true,"href":"https:\/\/www.actualidadadiario.com\/index.php\/wp-json\/wp\/v2\/media\/74998"}],"wp:attachment":[{"href":"https:\/\/www.actualidadadiario.com\/index.php\/wp-json\/wp\/v2\/media?parent=76524"}],"wp:term":[{"taxonomy":"category","embeddable":true,"href":"https:\/\/www.actualidadadiario.com\/index.php\/wp-json\/wp\/v2\/categories?post=76524"},{"taxonomy":"post_tag","embeddable":true,"href":"https:\/\/www.actualidadadiario.com\/index.php\/wp-json\/wp\/v2\/tags?post=76524"}],"curies":[{"name":"wp","href":"https:\/\/api.w.org\/{rel}","templated":true}]}}