{"id":763,"date":"2016-09-07T09:30:32","date_gmt":"2016-09-07T12:30:32","guid":{"rendered":"http:\/\/actualidadadiario.com\/site\/?p=763"},"modified":"2016-09-07T09:30:32","modified_gmt":"2016-09-07T12:30:32","slug":"defensores-pidieron-saber-que-y-cuanto-se-paga-en-argentina-por-el-gas","status":"publish","type":"post","link":"https:\/\/www.actualidadadiario.com\/index.php\/2016\/09\/07\/defensores-pidieron-saber-que-y-cuanto-se-paga-en-argentina-por-el-gas\/","title":{"rendered":"Defensores pidieron saber &#8220;qu\u00e9 y cu\u00e1nto se paga&#8221; en Argentina por el gas"},"content":{"rendered":"<p><em><strong>En el marco de las reuniones para dar a conocer el nuevo cuadro tarifario del gas, el ministro de Energ\u00eda, Juan Jos\u00e9 Aranguren, estuvo con los defensores del pueblo de todo el pa\u00eds<\/strong><\/em><\/p>\n<p>&nbsp;<\/p>\n<p>&nbsp;<\/p>\n<p>&nbsp;<\/p>\n<p>Tras el encuentro, el Defensor del Pueblo de la Ciudad de Buenos Aires, Alejandro Amor, asegur\u00f3 &#8220;por primera vez somos escuchados&#8221; y destac\u00f3 que &#8220;queremos saber qu\u00e9 y cu\u00e1nto pagamos los argentinos por el gas&#8221;.<\/p>\n<p>&nbsp;<\/p>\n<p>En declaraciones a la prensa Amor sostuvo que en la reuni\u00f3n se acord\u00f3 &#8220;una tarifa social homog\u00e9nea para que nadie quede afuera del beneficio&#8221; y destac\u00f3 la proyecci\u00f3n de la quita de subsidios a largo plazo.<\/p>\n<p>&nbsp;<\/p>\n<p>Del encuentro tambi\u00e9n participaron Defensores y representantes de las Defensor\u00edas del Pueblo de la Naci\u00f3n, Santa Fe, Salta, La Matanza, Escobar, C\u00f3rdoba, Lan\u00fas, Tucum\u00e1n, Jujuy, Formosa, Buenos Aires, Zapala y San Juan as\u00ed como el subsecretario del Interior de la Naci\u00f3n, Juan Carlos Mor\u00e1n.<\/p>\n<p>&nbsp;<\/p>\n<p>En relaci\u00f3n a la implementaci\u00f3n de la tarifa social, Amor sostuvo que &#8220;hemos acordado una mesa de trabajo junto a la ministra Stanley y el Ministerio de Energ\u00eda, para que ning\u00fan ciudadano que lo necesite se quede sin acceder a la tarifa social. Vamos a seguir muy de cerca este tema y se lo hemos planteado al ministro Aranguren&#8221;.<\/p>\n<p>&nbsp;<\/p>\n<p>Por otra parte, Amor agreg\u00f3 que &#8220;desde las Defensor\u00edas pedimos que se contemple la situaci\u00f3n de los clubes barrios y entidades de bien p\u00fablico, ya que tienen una ley que les da una protecci\u00f3n especial, y la misma debe aplicarse&#8221;. Amor asegur\u00f3 que &#8220;las Defensor\u00edas se van a presentar en nombre de las pymes, que aportan el 70% del empleo en el pa\u00eds, para hacer tambi\u00e9n una defensa de los sectores comerciales&#8221;.<\/p>\n","protected":false},"excerpt":{"rendered":"<p>En el marco de las reuniones para dar a conocer el nuevo cuadro tarifario del gas, el ministro de Energ\u00eda, Juan Jos\u00e9 Aranguren, estuvo con los defensores del pueblo de todo el pa\u00eds &nbsp; &nbsp; &nbsp; Tras el encuentro, el Defensor del Pueblo de la Ciudad de Buenos Aires, Alejandro Amor, asegur\u00f3 &#8220;por primera vez somos escuchados&#8221; y destac\u00f3 que &#8220;queremos saber qu\u00e9 y cu\u00e1nto pagamos los argentinos por el gas&#8221;. &nbsp; En declaraciones a la prensa Amor sostuvo que en la reuni\u00f3n se acord\u00f3 &#8220;una tarifa social homog\u00e9nea para&#8230;<\/p>\n","protected":false},"author":3,"featured_media":764,"comment_status":"closed","ping_status":"closed","sticky":false,"template":"","format":"standard","meta":[],"categories":[2],"tags":[],"_links":{"self":[{"href":"https:\/\/www.actualidadadiario.com\/index.php\/wp-json\/wp\/v2\/posts\/763"}],"collection":[{"href":"https:\/\/www.actualidadadiario.com\/index.php\/wp-json\/wp\/v2\/posts"}],"about":[{"href":"https:\/\/www.actualidadadiario.com\/index.php\/wp-json\/wp\/v2\/types\/post"}],"author":[{"embeddable":true,"href":"https:\/\/www.actualidadadiario.com\/index.php\/wp-json\/wp\/v2\/users\/3"}],"replies":[{"embeddable":true,"href":"https:\/\/www.actualidadadiario.com\/index.php\/wp-json\/wp\/v2\/comments?post=763"}],"version-history":[{"count":1,"href":"https:\/\/www.actualidadadiario.com\/index.php\/wp-json\/wp\/v2\/posts\/763\/revisions"}],"predecessor-version":[{"id":765,"href":"https:\/\/www.actualidadadiario.com\/index.php\/wp-json\/wp\/v2\/posts\/763\/revisions\/765"}],"wp:featuredmedia":[{"embeddable":true,"href":"https:\/\/www.actualidadadiario.com\/index.php\/wp-json\/wp\/v2\/media\/764"}],"wp:attachment":[{"href":"https:\/\/www.actualidadadiario.com\/index.php\/wp-json\/wp\/v2\/media?parent=763"}],"wp:term":[{"taxonomy":"category","embeddable":true,"href":"https:\/\/www.actualidadadiario.com\/index.php\/wp-json\/wp\/v2\/categories?post=763"},{"taxonomy":"post_tag","embeddable":true,"href":"https:\/\/www.actualidadadiario.com\/index.php\/wp-json\/wp\/v2\/tags?post=763"}],"curies":[{"name":"wp","href":"https:\/\/api.w.org\/{rel}","templated":true}]}}