{"id":76230,"date":"2021-08-05T12:48:47","date_gmt":"2021-08-05T15:48:47","guid":{"rendered":"https:\/\/www.actualidadadiario.com\/?p=76230"},"modified":"2021-08-05T12:48:47","modified_gmt":"2021-08-05T15:48:47","slug":"con-30-centimetros-frente-a-parana-el-rio-continua-bajando-en-entre-rios-y-se-acerca-a-niveles-historicos","status":"publish","type":"post","link":"https:\/\/www.actualidadadiario.com\/index.php\/2021\/08\/05\/con-30-centimetros-frente-a-parana-el-rio-continua-bajando-en-entre-rios-y-se-acerca-a-niveles-historicos\/","title":{"rendered":"Con -30 cent\u00edmetros frente a Paran\u00e1, el r\u00edo contin\u00faa bajando en Entre R\u00edos y se acerca a niveles hist\u00f3ricos"},"content":{"rendered":"<p style=\"text-align: center;\"><em><strong>Lejos de sus niveles normales y muy por debajo de la marca de aguas bajas, la bajante extraordinaria afect\u00f3 la vida ambiental y social de las ciudades a la vera del agua<\/strong><\/em><\/p>\n<p>&nbsp;<\/p>\n<p>&nbsp;<\/p>\n<p>El r\u00edo Paran\u00e1 baj\u00f3 frente al puerto de la capital de Entre R\u00edos a -30 cent\u00edmetros (debajo del nivel del mar), contin\u00faa descendiendo su altura en la peor situaci\u00f3n h\u00eddrica detectada desde 1944 y esperan que se acerque a esos niveles hist\u00f3ricos.<\/p>\n<p>Lejos de sus niveles normales y muy por debajo de la marca de aguas bajas, la bajante extraordinaria afect\u00f3 la vida ambiental y social de ciudades a la vera del agua.<\/p>\n<p>El gobernador de Entre R\u00edos, Gustavo Bordet, dijo que &#8220;se han secado humedales y lagunas donde est\u00e1n los peces, principal eslab\u00f3n de la cadena&#8221; ict\u00edcola, y que &#8220;es algo hist\u00f3rico, que cuando uno lo ve desde el aire es a\u00fan m\u00e1s preocupante&#8221;.<\/p>\n<p>Por ello, tomar\u00e1n &#8220;medidas integralmente para la provisi\u00f3n de aguas en las ciudades, pero tambi\u00e9n para el resguardo de la biodiversidad del r\u00edo y para proteger las especies y la fauna ict\u00edcola&#8221;, agreg\u00f3.<\/p>\n<p>El Instituto Nacional del Agua (INA) apunt\u00f3 que prevalece una &#8220;tendencia descendente&#8221; que &#8220;continuar\u00e1 predominando en los pr\u00f3ximos tres meses&#8221; al menos, y pidi\u00f3 &#8220;especialmente&#8221; mantener &#8220;la captaci\u00f3n de agua fluvial para consumo urbano&#8221;.<\/p>\n<p>Adem\u00e1s, indic\u00f3 que espera impactos en &#8220;las tomas de agua para consumo urbano, para refrigeraci\u00f3n de centrales de generaci\u00f3n el\u00e9ctrica y de procesos industriales&#8221;.<\/p>\n<p>Tambi\u00e9n detall\u00f3 sobre problemas en &#8220;la navegaci\u00f3n fluvial, fauna \u00edctica, estabilidad de m\u00e1rgenes&#8221; y una &#8220;exposici\u00f3n a incendios en m\u00e1rgenes e islas&#8221;.<\/p>\n<p>&nbsp;<\/p>\n<p><strong>El panorama en las localidades entrerrianas<\/strong><\/p>\n<p>En Paran\u00e1, el r\u00edo baj\u00f3 dos cent\u00edmetros este mi\u00e9rcoles y contin\u00faa lejos de su nivel de aguas bajas (2,30 metros) y de su altura promedio en julio (3,10 metros).<\/p>\n<p>Seg\u00fan los pron\u00f3sticos del INA, las aguas continuar\u00e1n descendiendo y podr\u00e1 alcanzar los -50 cent\u00edmetros para el 17 de agosto pr\u00f3ximo.<\/p>\n<p>En Diamante, la altura tambi\u00e9n baj\u00f3 y lleg\u00f3 al cero, muy lejos de los 2,40 metros del l\u00edmite de aguas bajas y 3,85 metros menos que el promedio para esta \u00e9poca del a\u00f1o.<\/p>\n<p>En ese sentido, el INA espera que el r\u00edo llegue a un promedio de -0,72 cent\u00edmetros de altura en agosto, y de -1,01 metros en septiembre.<\/p>\n<p>En La Paz, el r\u00edo Paran\u00e1 descendi\u00f3 tres puntos y alcanz\u00f3 los 26 cent\u00edmetros, muy por debajo de los 3,20 metros de l\u00edmite de aguas bajas y de los 3,69 que la Prefectura Naval Argentina (PNA) registr\u00f3 como promedio entre 1996 y 2020.<\/p>\n<p>All\u00ed, el INA espera que la altura contin\u00fae disminuyendo hasta los 4 cent\u00edmetros a mediados de agosto, y que se acentuar\u00e1 &#8220;la condici\u00f3n de aguas bajas&#8221; pudiendo llegar a los -25 cent\u00edmetros la semana pr\u00f3xima.<\/p>\n<p>En tanto, en Victoria tambi\u00e9n baj\u00f3 2 cent\u00edmetros las \u00faltimas 24 horas y se mantiene con 1,07 metro de altura, lejos de los 2,60 metros de aguas bajas y 1,03 metros menor al promedio de julio 2020, por lo que el INA no espera &#8220;una recuperaci\u00f3n sensible en las pr\u00f3ximas semanas&#8221;.<\/p>\n<p>La bajante actual ya super\u00f3 las marcas de 1971 (0,50 metros), las de 2020 y 1970 (0 metros), y hay que remontarse a 1944 para registrar una situaci\u00f3n peor que la actual.<\/p>\n<p>Ese a\u00f1o el r\u00edo marc\u00f3 -1,40 metros frente a Paran\u00e1, al igual que en Diamante (-1,38), Victoria (-41) y en La Paz (-1,11).<\/p>\n<p>El secretario de Agricultura y Ganader\u00eda de Entre R\u00edos, Lucio Amavet, afirm\u00f3 a T\u00e9lam que la bajante &#8220;impact\u00f3 fuertemente en acopiadores, fileteadores, transportistas y m\u00e1s de 3.000 familias de pescadores que viven de eso&#8221;, registrando &#8220;el cupo de exportaci\u00f3n m\u00e1s bajo de los \u00faltimos 15 a\u00f1os&#8221;.<\/p>\n<p>En tanto, el historiador, poeta y cantautor Roberto Romani dijo que &#8220;es un nivel nunca alcanzado, en Paran\u00e1 no tenemos memoria de algo similar, y m\u00e1s all\u00e1 de los perjuicios econ\u00f3micos, es un dolor desde lo ambiental que va a demorar a\u00f1os en recuperarse&#8221;.<\/p>\n<p>Romani, autor de unos 25 libros, convoc\u00f3 &#8220;al Estado, la docencia, los medios y las familias a procurar transmitir lo que significa vivir en torno al r\u00edo y su importancia&#8221; una vez que se supere esta bajante hist\u00f3rica.<\/p>\n","protected":false},"excerpt":{"rendered":"<p>Lejos de sus niveles normales y muy por debajo de la marca de aguas bajas, la bajante extraordinaria afect\u00f3 la vida ambiental y social de las ciudades a la vera del agua &nbsp; &nbsp; El r\u00edo Paran\u00e1 baj\u00f3 frente al puerto de la capital de Entre R\u00edos a -30 cent\u00edmetros (debajo del nivel del mar), contin\u00faa descendiendo su altura en la peor situaci\u00f3n h\u00eddrica detectada desde 1944 y esperan que se acerque a esos niveles hist\u00f3ricos. Lejos de sus niveles normales y muy por debajo de la marca de aguas&#8230;<\/p>\n","protected":false},"author":3,"featured_media":76231,"comment_status":"closed","ping_status":"closed","sticky":false,"template":"","format":"standard","meta":[],"categories":[2],"tags":[],"_links":{"self":[{"href":"https:\/\/www.actualidadadiario.com\/index.php\/wp-json\/wp\/v2\/posts\/76230"}],"collection":[{"href":"https:\/\/www.actualidadadiario.com\/index.php\/wp-json\/wp\/v2\/posts"}],"about":[{"href":"https:\/\/www.actualidadadiario.com\/index.php\/wp-json\/wp\/v2\/types\/post"}],"author":[{"embeddable":true,"href":"https:\/\/www.actualidadadiario.com\/index.php\/wp-json\/wp\/v2\/users\/3"}],"replies":[{"embeddable":true,"href":"https:\/\/www.actualidadadiario.com\/index.php\/wp-json\/wp\/v2\/comments?post=76230"}],"version-history":[{"count":1,"href":"https:\/\/www.actualidadadiario.com\/index.php\/wp-json\/wp\/v2\/posts\/76230\/revisions"}],"predecessor-version":[{"id":76232,"href":"https:\/\/www.actualidadadiario.com\/index.php\/wp-json\/wp\/v2\/posts\/76230\/revisions\/76232"}],"wp:featuredmedia":[{"embeddable":true,"href":"https:\/\/www.actualidadadiario.com\/index.php\/wp-json\/wp\/v2\/media\/76231"}],"wp:attachment":[{"href":"https:\/\/www.actualidadadiario.com\/index.php\/wp-json\/wp\/v2\/media?parent=76230"}],"wp:term":[{"taxonomy":"category","embeddable":true,"href":"https:\/\/www.actualidadadiario.com\/index.php\/wp-json\/wp\/v2\/categories?post=76230"},{"taxonomy":"post_tag","embeddable":true,"href":"https:\/\/www.actualidadadiario.com\/index.php\/wp-json\/wp\/v2\/tags?post=76230"}],"curies":[{"name":"wp","href":"https:\/\/api.w.org\/{rel}","templated":true}]}}