{"id":76206,"date":"2021-08-04T11:24:30","date_gmt":"2021-08-04T14:24:30","guid":{"rendered":"https:\/\/www.actualidadadiario.com\/?p=76206"},"modified":"2021-08-04T11:24:30","modified_gmt":"2021-08-04T14:24:30","slug":"bordet-firmara-con-cabandie-un-acta-intencion-para-crear-un-nuevo-parque-nacional","status":"publish","type":"post","link":"https:\/\/www.actualidadadiario.com\/index.php\/2021\/08\/04\/bordet-firmara-con-cabandie-un-acta-intencion-para-crear-un-nuevo-parque-nacional\/","title":{"rendered":"Bordet firmar\u00e1 con Cabandi\u00e9 un acta intenci\u00f3n para crear un nuevo Parque Nacional"},"content":{"rendered":"<p style=\"text-align: center;\"><em><strong>El gobernador Gustavo Bordet y el ministro de Ambiente y Desarrollo Sostenible, Juan Cabandi\u00e9, encabezar\u00e1n en la ma\u00f1ana de este mi\u00e9rcoles el lanzamiento del Proyecto Binacional \u201cAdaptaci\u00f3n al cambio clim\u00e1tico en ciudades y ecosistemas costeros vulnerables del R\u00edo Uruguay\u201d<\/strong><\/em><\/p>\n<p>&nbsp;<\/p>\n<p>&nbsp;<\/p>\n<p>Ser\u00e1 a partir de las 10 y el funcionario nacional participar\u00e1 por videoconferencia, se inform\u00f3 desde Presidencia.<\/p>\n<p>Con posterioridad, el ministro Cabandi\u00e9 firmar\u00e1 un acta de intenci\u00f3n con el gobernador por la futura creaci\u00f3n del Parque Nacional \u201cSelva de Montiel\u201d en la provincia de Entre R\u00edos.<\/p>\n","protected":false},"excerpt":{"rendered":"<p>El gobernador Gustavo Bordet y el ministro de Ambiente y Desarrollo Sostenible, Juan Cabandi\u00e9, encabezar\u00e1n en la ma\u00f1ana de este mi\u00e9rcoles el lanzamiento del Proyecto Binacional \u201cAdaptaci\u00f3n al cambio clim\u00e1tico en ciudades y ecosistemas costeros vulnerables del R\u00edo Uruguay\u201d &nbsp; &nbsp; Ser\u00e1 a partir de las 10 y el funcionario nacional participar\u00e1 por videoconferencia, se inform\u00f3 desde Presidencia. Con posterioridad, el ministro Cabandi\u00e9 firmar\u00e1 un acta de intenci\u00f3n con el gobernador por la futura creaci\u00f3n del Parque Nacional \u201cSelva de Montiel\u201d en la provincia de Entre R\u00edos.<\/p>\n","protected":false},"author":3,"featured_media":76207,"comment_status":"closed","ping_status":"closed","sticky":false,"template":"","format":"standard","meta":[],"categories":[9,15],"tags":[],"_links":{"self":[{"href":"https:\/\/www.actualidadadiario.com\/index.php\/wp-json\/wp\/v2\/posts\/76206"}],"collection":[{"href":"https:\/\/www.actualidadadiario.com\/index.php\/wp-json\/wp\/v2\/posts"}],"about":[{"href":"https:\/\/www.actualidadadiario.com\/index.php\/wp-json\/wp\/v2\/types\/post"}],"author":[{"embeddable":true,"href":"https:\/\/www.actualidadadiario.com\/index.php\/wp-json\/wp\/v2\/users\/3"}],"replies":[{"embeddable":true,"href":"https:\/\/www.actualidadadiario.com\/index.php\/wp-json\/wp\/v2\/comments?post=76206"}],"version-history":[{"count":1,"href":"https:\/\/www.actualidadadiario.com\/index.php\/wp-json\/wp\/v2\/posts\/76206\/revisions"}],"predecessor-version":[{"id":76208,"href":"https:\/\/www.actualidadadiario.com\/index.php\/wp-json\/wp\/v2\/posts\/76206\/revisions\/76208"}],"wp:featuredmedia":[{"embeddable":true,"href":"https:\/\/www.actualidadadiario.com\/index.php\/wp-json\/wp\/v2\/media\/76207"}],"wp:attachment":[{"href":"https:\/\/www.actualidadadiario.com\/index.php\/wp-json\/wp\/v2\/media?parent=76206"}],"wp:term":[{"taxonomy":"category","embeddable":true,"href":"https:\/\/www.actualidadadiario.com\/index.php\/wp-json\/wp\/v2\/categories?post=76206"},{"taxonomy":"post_tag","embeddable":true,"href":"https:\/\/www.actualidadadiario.com\/index.php\/wp-json\/wp\/v2\/tags?post=76206"}],"curies":[{"name":"wp","href":"https:\/\/api.w.org\/{rel}","templated":true}]}}