{"id":76203,"date":"2021-08-04T11:23:48","date_gmt":"2021-08-04T14:23:48","guid":{"rendered":"https:\/\/www.actualidadadiario.com\/?p=76203"},"modified":"2021-08-04T11:23:48","modified_gmt":"2021-08-04T14:23:48","slug":"el-viernes-vacunaran-con-segunda-dosis-a-docentes-y-personal-no-docente-en-chajari","status":"publish","type":"post","link":"https:\/\/www.actualidadadiario.com\/index.php\/2021\/08\/04\/el-viernes-vacunaran-con-segunda-dosis-a-docentes-y-personal-no-docente-en-chajari\/","title":{"rendered":"El viernes vacunar\u00e1n con segunda dosis a docentes y personal no docente en Chajar\u00ed"},"content":{"rendered":"<p style=\"text-align: center;\"><em><strong>El Hospital Santa Rosa de Chajar\u00ed informa que dando continuidad al Plan Rector de Vacunaci\u00f3n, este viernes 6 de agosto se realizar\u00e1 la inoculaci\u00f3n con la segunda dosis a docente, personal no docente y quienes se hayan vacunado con Astrazeneca hasta el 8 de junio<\/strong><\/em><\/p>\n<p>&nbsp;<\/p>\n<p>&nbsp;<\/p>\n<p>El operativo se realizar\u00e1 en el gimnasio del Instituto San Jos\u00e9, por Av. 9 de Julio, de 10 a 14 horas.<\/p>\n<p>Para la inoculaci\u00f3n se debe presentar DNI y Libreta de Vacunaci\u00f3n.<\/p>\n","protected":false},"excerpt":{"rendered":"<p>El Hospital Santa Rosa de Chajar\u00ed informa que dando continuidad al Plan Rector de Vacunaci\u00f3n, este viernes 6 de agosto se realizar\u00e1 la inoculaci\u00f3n con la segunda dosis a docente, personal no docente y quienes se hayan vacunado con Astrazeneca hasta el 8 de junio &nbsp; &nbsp; El operativo se realizar\u00e1 en el gimnasio del Instituto San Jos\u00e9, por Av. 9 de Julio, de 10 a 14 horas. Para la inoculaci\u00f3n se debe presentar DNI y Libreta de Vacunaci\u00f3n.<\/p>\n","protected":false},"author":3,"featured_media":76204,"comment_status":"closed","ping_status":"closed","sticky":false,"template":"","format":"standard","meta":[],"categories":[15],"tags":[],"_links":{"self":[{"href":"https:\/\/www.actualidadadiario.com\/index.php\/wp-json\/wp\/v2\/posts\/76203"}],"collection":[{"href":"https:\/\/www.actualidadadiario.com\/index.php\/wp-json\/wp\/v2\/posts"}],"about":[{"href":"https:\/\/www.actualidadadiario.com\/index.php\/wp-json\/wp\/v2\/types\/post"}],"author":[{"embeddable":true,"href":"https:\/\/www.actualidadadiario.com\/index.php\/wp-json\/wp\/v2\/users\/3"}],"replies":[{"embeddable":true,"href":"https:\/\/www.actualidadadiario.com\/index.php\/wp-json\/wp\/v2\/comments?post=76203"}],"version-history":[{"count":1,"href":"https:\/\/www.actualidadadiario.com\/index.php\/wp-json\/wp\/v2\/posts\/76203\/revisions"}],"predecessor-version":[{"id":76205,"href":"https:\/\/www.actualidadadiario.com\/index.php\/wp-json\/wp\/v2\/posts\/76203\/revisions\/76205"}],"wp:featuredmedia":[{"embeddable":true,"href":"https:\/\/www.actualidadadiario.com\/index.php\/wp-json\/wp\/v2\/media\/76204"}],"wp:attachment":[{"href":"https:\/\/www.actualidadadiario.com\/index.php\/wp-json\/wp\/v2\/media?parent=76203"}],"wp:term":[{"taxonomy":"category","embeddable":true,"href":"https:\/\/www.actualidadadiario.com\/index.php\/wp-json\/wp\/v2\/categories?post=76203"},{"taxonomy":"post_tag","embeddable":true,"href":"https:\/\/www.actualidadadiario.com\/index.php\/wp-json\/wp\/v2\/tags?post=76203"}],"curies":[{"name":"wp","href":"https:\/\/api.w.org\/{rel}","templated":true}]}}