{"id":76197,"date":"2021-08-04T11:22:19","date_gmt":"2021-08-04T14:22:19","guid":{"rendered":"https:\/\/www.actualidadadiario.com\/?p=76197"},"modified":"2021-08-04T11:22:19","modified_gmt":"2021-08-04T14:22:19","slug":"loggio-frigerio-es-macri","status":"publish","type":"post","link":"https:\/\/www.actualidadadiario.com\/index.php\/2021\/08\/04\/loggio-frigerio-es-macri\/","title":{"rendered":"Loggio: \u201cFrigerio es Macri\u201d"},"content":{"rendered":"<p style=\"text-align: center;\"><em><strong>El diputado provincial N\u00e9stor Loggio (Frente de Todos) record\u00f3 que el precandidato a diputado nacional por Juntos, Rogelio Frigerio, fue ministro del Interior del ex presidente Mauricio Macri y por lo tanto \u201ces Macri\u201d. Afirm\u00f3 que en las pr\u00f3ximas elecciones legislativas se ponen en juego dos modelos pol\u00edticos y destac\u00f3 la figura de Enrique Cresto como gestor de obras p\u00fablicas para Entre R\u00edos<\/strong><\/em><\/p>\n<p>&nbsp;<\/p>\n<p>&nbsp;<\/p>\n<p>\u201cFrigerio no nos puede decir hoy a los entrerrianos y entrerrianas: \u2018Me voy a preocupar por los ustedes\u2019. Fue ministro de Interior y Obras P\u00fablicas de Mauricio Macri. Frigerio es Macri\u201d, sentenci\u00f3 el legislador.<\/p>\n<p>Y agreg\u00f3: \u201cFrigerio es un hombre de ese Macri que persigui\u00f3 opositores, que ten\u00eda un sistema de inteligencia para seguir a propios y extra\u00f1os, porque sigui\u00f3 hasta a su propia gente. Frigerio fue parte de ese Gobierno\u201d.<\/p>\n<p>Luego distingui\u00f3: \u201cDebe quedar absolutamente claro que en estas elecciones se ponen en consideraci\u00f3n dos modelos pol\u00edticos, dos caminos distintos\u201d.<\/p>\n<p>Por un lado \u201cel modelo que expresa Rogelio Frigerio, que es un gerente capitalino que cambi\u00f3 su domicilio a Entre R\u00edos para construir su capital pol\u00edtico en la provincia. Igual que como hicieron Mar\u00eda Eugenia Vidal y Diego Santilli en provincia de Buenos Aires\u201d, compar\u00f3.<\/p>\n<p>\u201cEl PRO, ese enorme partido capitalino, exporta a distintas provincias sus dirigentes. Como si aqu\u00ed no tuvi\u00e9ramos una dirigencia capaz; hombres y mujeres nacidos y criados ac\u00e1, que han construido la entrerrian\u00eda a lo largo de los a\u00f1os. Parece que al PRO eso no le genera empat\u00eda y nos trae dirigentes importados con caracter\u00edsticas de Gerente\u201d, consign\u00f3.<\/p>\n<p>En cambio \u201cnuestro primer candidato a diputado nacional, Enrique Cresto, trajo muchas m\u00e1s obras a Entre R\u00edos durante un a\u00f1o y medio al frente del ENOHSA que Rogelio Frigerio en sus cuatro a\u00f1os como Ministro de Interior y Obras P\u00fablicas de la Naci\u00f3n y con el enorme poder que significa ser Ministro\u201d, remat\u00f3.<\/p>\n","protected":false},"excerpt":{"rendered":"<p>El diputado provincial N\u00e9stor Loggio (Frente de Todos) record\u00f3 que el precandidato a diputado nacional por Juntos, Rogelio Frigerio, fue ministro del Interior del ex presidente Mauricio Macri y por lo tanto \u201ces Macri\u201d. Afirm\u00f3 que en las pr\u00f3ximas elecciones legislativas se ponen en juego dos modelos pol\u00edticos y destac\u00f3 la figura de Enrique Cresto como gestor de obras p\u00fablicas para Entre R\u00edos &nbsp; &nbsp; \u201cFrigerio no nos puede decir hoy a los entrerrianos y entrerrianas: \u2018Me voy a preocupar por los ustedes\u2019. Fue ministro de Interior y Obras P\u00fablicas&#8230;<\/p>\n","protected":false},"author":3,"featured_media":76198,"comment_status":"closed","ping_status":"closed","sticky":false,"template":"","format":"standard","meta":[],"categories":[15],"tags":[],"_links":{"self":[{"href":"https:\/\/www.actualidadadiario.com\/index.php\/wp-json\/wp\/v2\/posts\/76197"}],"collection":[{"href":"https:\/\/www.actualidadadiario.com\/index.php\/wp-json\/wp\/v2\/posts"}],"about":[{"href":"https:\/\/www.actualidadadiario.com\/index.php\/wp-json\/wp\/v2\/types\/post"}],"author":[{"embeddable":true,"href":"https:\/\/www.actualidadadiario.com\/index.php\/wp-json\/wp\/v2\/users\/3"}],"replies":[{"embeddable":true,"href":"https:\/\/www.actualidadadiario.com\/index.php\/wp-json\/wp\/v2\/comments?post=76197"}],"version-history":[{"count":1,"href":"https:\/\/www.actualidadadiario.com\/index.php\/wp-json\/wp\/v2\/posts\/76197\/revisions"}],"predecessor-version":[{"id":76199,"href":"https:\/\/www.actualidadadiario.com\/index.php\/wp-json\/wp\/v2\/posts\/76197\/revisions\/76199"}],"wp:featuredmedia":[{"embeddable":true,"href":"https:\/\/www.actualidadadiario.com\/index.php\/wp-json\/wp\/v2\/media\/76198"}],"wp:attachment":[{"href":"https:\/\/www.actualidadadiario.com\/index.php\/wp-json\/wp\/v2\/media?parent=76197"}],"wp:term":[{"taxonomy":"category","embeddable":true,"href":"https:\/\/www.actualidadadiario.com\/index.php\/wp-json\/wp\/v2\/categories?post=76197"},{"taxonomy":"post_tag","embeddable":true,"href":"https:\/\/www.actualidadadiario.com\/index.php\/wp-json\/wp\/v2\/tags?post=76197"}],"curies":[{"name":"wp","href":"https:\/\/api.w.org\/{rel}","templated":true}]}}