{"id":76194,"date":"2021-08-04T11:21:31","date_gmt":"2021-08-04T14:21:31","guid":{"rendered":"https:\/\/www.actualidadadiario.com\/?p=76194"},"modified":"2021-08-04T11:21:31","modified_gmt":"2021-08-04T14:21:31","slug":"provincia-y-municipios-avanzan-con-nacion-en-los-lineamientos-para-la-construccion-de-18-centros-de-desarrollo-infantil","status":"publish","type":"post","link":"https:\/\/www.actualidadadiario.com\/index.php\/2021\/08\/04\/provincia-y-municipios-avanzan-con-nacion-en-los-lineamientos-para-la-construccion-de-18-centros-de-desarrollo-infantil\/","title":{"rendered":"Provincia y municipios avanzan con Naci\u00f3n en los lineamientos para la construcci\u00f3n de 18 Centros de Desarrollo Infantil"},"content":{"rendered":"<p style=\"text-align: center;\"><em><strong>La ministra de Desarrollo social, Marisa Paira, y el ministro de Planeamiento, Infraestructura y Servicios, Marcelo Richard, compartieron un encuentro con autoridades nacionales y representantes de las localidades donde se construir\u00e1n los 18 Centros de Desarrollo Infantil<\/strong><\/em><\/p>\n<p>&nbsp;<\/p>\n<p>&nbsp;<\/p>\n<p>De la reuni\u00f3n, que tuvo lugar esta ma\u00f1ana de manera virtual, participaron el coordinador General del Programa de Centros de Desarrollo Infantil, Rodrigo Estigarribia; la coordinadora del \u00c1rea de Infraestructura para la Salud de la Direcci\u00f3n nacional de Gesti\u00f3n de Obras, Romina G\u00f3mez Zamb\u00f3n; el Asesor T\u00e9cnico en Inform\u00e1tica Carlos Castilla; el asesor en Direcci\u00f3n de Programaci\u00f3n de Integraci\u00f3n Territorial Regional del Ministerio de Obras P\u00fablicas de la Naci\u00f3n, Gonzalo Arregui; y representantes de los municipios donde se construir\u00e1n los CDI, a fines de delinear y coordinar cuestiones t\u00e9cnicas y operativas para su concreci\u00f3n.<\/p>\n<p>\u201cEs una decisi\u00f3n pol\u00edtica de nuestro gobernador priorizar en la agenda p\u00fablica el desarrollo de pol\u00edticas para la primera infancia, es por eso que continuamos el trabajo articulado con los municipios. Nuestro objetivo es promover el avance de las obras y los proyectos institucionales para la inclusi\u00f3n en el Plan Nacional de Primera Infancia. Estas instituciones nos permitir\u00e1n seguir trabajando para achicar las brechas de desigualdad en el desarrollo integral de las ni\u00f1as y los ni\u00f1os&#8221;, destac\u00f3 Paira.<\/p>\n<p>Por su parte, Richard mencion\u00f3: &#8220;Seguimos avanzando en la decisi\u00f3n del gobernador Gustavo Bordet de ejecutar en conjunto con los municipios. Ellos son comunidades ejecutoras que llevan adelante el proceso administrativo para el llamado a licitaci\u00f3n y para poder avanzar en la ejecuci\u00f3n misma de la obra. Considerando que son precios topes y que la ejecuci\u00f3n debe hacerse en seis meses, desde el ministerio asistimos no solamente desde el punto de vista t\u00e9cnico haciendo la supervisi\u00f3n de la obra, sino tambi\u00e9n a trav\u00e9s de un acompa\u00f1amiento en la parte administrativa-legal para hacer las licitaciones&#8221;.<\/p>\n<p>&nbsp;<\/p>\n<p><strong>Detalles<\/strong><\/p>\n<p>Las obras se realizar\u00e1n en el marco de las acciones que el gobierno nacional lleva adelante a trav\u00e9s de la Red de Infraestructura del Cuidado y el Plan Nacional de Primera Infancia.<\/p>\n<p>Los nuevos Centros de Desarrollo infantil buscan reforzar la red de cuidado en la primera infancia y se construir\u00e1n en las localidades de Santa Anita, Paran\u00e1, Concepci\u00f3n del Uruguay, Hasenkamp, Santa Elena, Colonia Avellaneda, Col\u00f3n, Villa Paranacito, Gualeguaych\u00fa, Villaguay, Federaci\u00f3n, Diamante, Nogoy\u00e1, San Jaime de la Frontera, Aldea San Antonio y Concordia.<\/p>\n<p>&nbsp;<\/p>\n<p><strong>Presencias<\/strong><\/p>\n<p>Tambi\u00e9n estuvieron presentes la subsecretaria de Desarrollo Humano y Pol\u00edticas del Cuidado, Muriel Stablun; el coordinador de Proyectos con Financiamiento Externo, Cristian Brasseur; la intendenta de Villaguay, Claudia Monjo; los presidentes municipales de Hasenkamp, Hern\u00e1n Kisser; de Santa Anita, Juan Amavet; de Concepci\u00f3n del Uruguay, Mart\u00edn Oliva; y de Nogoy\u00e1, Rafel Cavagna, entre otras autoridades.<\/p>\n","protected":false},"excerpt":{"rendered":"<p>La ministra de Desarrollo social, Marisa Paira, y el ministro de Planeamiento, Infraestructura y Servicios, Marcelo Richard, compartieron un encuentro con autoridades nacionales y representantes de las localidades donde se construir\u00e1n los 18 Centros de Desarrollo Infantil &nbsp; &nbsp; De la reuni\u00f3n, que tuvo lugar esta ma\u00f1ana de manera virtual, participaron el coordinador General del Programa de Centros de Desarrollo Infantil, Rodrigo Estigarribia; la coordinadora del \u00c1rea de Infraestructura para la Salud de la Direcci\u00f3n nacional de Gesti\u00f3n de Obras, Romina G\u00f3mez Zamb\u00f3n; el Asesor T\u00e9cnico en Inform\u00e1tica Carlos Castilla;&#8230;<\/p>\n","protected":false},"author":3,"featured_media":76195,"comment_status":"closed","ping_status":"closed","sticky":false,"template":"","format":"standard","meta":[],"categories":[15],"tags":[],"_links":{"self":[{"href":"https:\/\/www.actualidadadiario.com\/index.php\/wp-json\/wp\/v2\/posts\/76194"}],"collection":[{"href":"https:\/\/www.actualidadadiario.com\/index.php\/wp-json\/wp\/v2\/posts"}],"about":[{"href":"https:\/\/www.actualidadadiario.com\/index.php\/wp-json\/wp\/v2\/types\/post"}],"author":[{"embeddable":true,"href":"https:\/\/www.actualidadadiario.com\/index.php\/wp-json\/wp\/v2\/users\/3"}],"replies":[{"embeddable":true,"href":"https:\/\/www.actualidadadiario.com\/index.php\/wp-json\/wp\/v2\/comments?post=76194"}],"version-history":[{"count":1,"href":"https:\/\/www.actualidadadiario.com\/index.php\/wp-json\/wp\/v2\/posts\/76194\/revisions"}],"predecessor-version":[{"id":76196,"href":"https:\/\/www.actualidadadiario.com\/index.php\/wp-json\/wp\/v2\/posts\/76194\/revisions\/76196"}],"wp:featuredmedia":[{"embeddable":true,"href":"https:\/\/www.actualidadadiario.com\/index.php\/wp-json\/wp\/v2\/media\/76195"}],"wp:attachment":[{"href":"https:\/\/www.actualidadadiario.com\/index.php\/wp-json\/wp\/v2\/media?parent=76194"}],"wp:term":[{"taxonomy":"category","embeddable":true,"href":"https:\/\/www.actualidadadiario.com\/index.php\/wp-json\/wp\/v2\/categories?post=76194"},{"taxonomy":"post_tag","embeddable":true,"href":"https:\/\/www.actualidadadiario.com\/index.php\/wp-json\/wp\/v2\/tags?post=76194"}],"curies":[{"name":"wp","href":"https:\/\/api.w.org\/{rel}","templated":true}]}}