{"id":76192,"date":"2021-08-04T11:20:41","date_gmt":"2021-08-04T14:20:41","guid":{"rendered":"https:\/\/www.actualidadadiario.com\/?p=76192"},"modified":"2021-08-04T11:20:41","modified_gmt":"2021-08-04T14:20:41","slug":"baja-la-ocupacion-en-terapias-intensivas-en-entre-rios","status":"publish","type":"post","link":"https:\/\/www.actualidadadiario.com\/index.php\/2021\/08\/04\/baja-la-ocupacion-en-terapias-intensivas-en-entre-rios\/","title":{"rendered":"Baja la ocupaci\u00f3n en terapias intensivas en Entre R\u00edos"},"content":{"rendered":"<p style=\"text-align: center;\"><em><strong>Seg\u00fan el reporte diario del Ministerio de Salud de Entre R\u00edos, Entre R\u00edos tiene el 68,16% de camas ocupadas en Terapia Intensiva. En Paran\u00e1 se supera el 80 por ciento<\/strong><\/em><\/p>\n<p>&nbsp;<\/p>\n<p>&nbsp;<\/p>\n<p>La ocupaci\u00f3n de unidades de terapia intensiva en la provincia registr\u00f3 una baja como consecuencia del avance en el operativo de vacunaci\u00f3n y este martes 3 de agosto se posicion\u00f3 en un 68,16%, con 38 camas libres en el sector p\u00fablico y 47 en el privado.<\/p>\n<p>En cuanto a las ciudades en instancia cr\u00edtica, Paran\u00e1 contin\u00faa siendo la \u00fanica con una ocupaci\u00f3n de Unidades de Terapia Intensiva del 80,46 por ciento.<\/p>\n<p>&nbsp;<\/p>\n<p><strong>Datos por regi\u00f3n<\/strong><\/p>\n<p>La regi\u00f3n I, integrada por La Paz, Paran\u00e1, Diamante, Victoria y Nogoy\u00e1, registra un 75,20 por ciento.<\/p>\n<p>La regi\u00f3n II (Concordia, Feliciano, Federal, Federaci\u00f3n, San Salvador y Villaguay) cuenta con una ocupaci\u00f3n del 61,82 por ciento.<\/p>\n<p>En tanto, regi\u00f3n III (Uruguay, Col\u00f3n y Tala), est\u00e1n ocupadas el 59,52 por ciento de las camas UTI, mientras que la regi\u00f3n IV, en la que se incluye a los departamentos Gualeguaych\u00fa, Gualeguay e Islas, se registra una ocupaci\u00f3n del 64,44 por ciento.<\/p>\n","protected":false},"excerpt":{"rendered":"<p>Seg\u00fan el reporte diario del Ministerio de Salud de Entre R\u00edos, Entre R\u00edos tiene el 68,16% de camas ocupadas en Terapia Intensiva. En Paran\u00e1 se supera el 80 por ciento &nbsp; &nbsp; La ocupaci\u00f3n de unidades de terapia intensiva en la provincia registr\u00f3 una baja como consecuencia del avance en el operativo de vacunaci\u00f3n y este martes 3 de agosto se posicion\u00f3 en un 68,16%, con 38 camas libres en el sector p\u00fablico y 47 en el privado. En cuanto a las ciudades en instancia cr\u00edtica, Paran\u00e1 contin\u00faa siendo la&#8230;<\/p>\n","protected":false},"author":3,"featured_media":74249,"comment_status":"closed","ping_status":"closed","sticky":false,"template":"","format":"standard","meta":[],"categories":[9,15],"tags":[],"_links":{"self":[{"href":"https:\/\/www.actualidadadiario.com\/index.php\/wp-json\/wp\/v2\/posts\/76192"}],"collection":[{"href":"https:\/\/www.actualidadadiario.com\/index.php\/wp-json\/wp\/v2\/posts"}],"about":[{"href":"https:\/\/www.actualidadadiario.com\/index.php\/wp-json\/wp\/v2\/types\/post"}],"author":[{"embeddable":true,"href":"https:\/\/www.actualidadadiario.com\/index.php\/wp-json\/wp\/v2\/users\/3"}],"replies":[{"embeddable":true,"href":"https:\/\/www.actualidadadiario.com\/index.php\/wp-json\/wp\/v2\/comments?post=76192"}],"version-history":[{"count":1,"href":"https:\/\/www.actualidadadiario.com\/index.php\/wp-json\/wp\/v2\/posts\/76192\/revisions"}],"predecessor-version":[{"id":76193,"href":"https:\/\/www.actualidadadiario.com\/index.php\/wp-json\/wp\/v2\/posts\/76192\/revisions\/76193"}],"wp:featuredmedia":[{"embeddable":true,"href":"https:\/\/www.actualidadadiario.com\/index.php\/wp-json\/wp\/v2\/media\/74249"}],"wp:attachment":[{"href":"https:\/\/www.actualidadadiario.com\/index.php\/wp-json\/wp\/v2\/media?parent=76192"}],"wp:term":[{"taxonomy":"category","embeddable":true,"href":"https:\/\/www.actualidadadiario.com\/index.php\/wp-json\/wp\/v2\/categories?post=76192"},{"taxonomy":"post_tag","embeddable":true,"href":"https:\/\/www.actualidadadiario.com\/index.php\/wp-json\/wp\/v2\/tags?post=76192"}],"curies":[{"name":"wp","href":"https:\/\/api.w.org\/{rel}","templated":true}]}}