{"id":76190,"date":"2021-08-04T11:19:45","date_gmt":"2021-08-04T14:19:45","guid":{"rendered":"https:\/\/www.actualidadadiario.com\/?p=76190"},"modified":"2021-08-04T11:19:45","modified_gmt":"2021-08-04T14:19:45","slug":"alberto-fernandez-continua-aislado-y-espera-un-nuevo-test-de-pcr-tras-su-regreso-de-peru","status":"publish","type":"post","link":"https:\/\/www.actualidadadiario.com\/index.php\/2021\/08\/04\/alberto-fernandez-continua-aislado-y-espera-un-nuevo-test-de-pcr-tras-su-regreso-de-peru\/","title":{"rendered":"Alberto Fern\u00e1ndez contin\u00faa aislado y espera un nuevo test de PCR tras su regreso de Per\u00fa"},"content":{"rendered":"<p style=\"text-align: center;\"><em><strong>Si el resultado de la prueba de este jueves es negativo, el mandatario volver\u00e1 a sus funciones. La medida se tom\u00f3 luego de su asistencia a la asunci\u00f3n de Pedro Castillo<\/strong><\/em><\/p>\n<p>&nbsp;<\/p>\n<p>&nbsp;<\/p>\n<p>El presidente Alberto Fern\u00e1ndez permanec\u00eda en aislamiento preventivo al menos hasta este jueves, cuando se realice un nuevo testeo PCR para poder identificar coronavirus, tras su regreso de Per\u00fa donde viaj\u00f3 para la asunci\u00f3n de Pedro Castillo.<\/p>\n<p>Seg\u00fan inform\u00f3 la Unidad M\u00e9dica Presidencial (UMP), esa prueba definir\u00e1 si el mandatario puede retomar sus actividades en la Casa Rosada de forma presencial.<\/p>\n<p>&#8220;Visto el regreso del se\u00f1or Presidente de la Naci\u00f3n Argentina, Doctor D. Alberto \u00c1ngel Fern\u00e1ndez, del Hermano Pa\u00eds del PERU; se encuentra cumpliendo el aislamiento obligatorio de acuerdo a las normas establecidas por el Ministerio de Salud de la Naci\u00f3n, si bien est\u00e1 exceptuado de cumplir el aislamiento por ser personal esencial&#8221;, explic\u00f3 la Unidad M\u00e9dica Presidencial en el \u00faltimo comunicado.<\/p>\n<p>&#8220;Cabe aclarar, que el Jueves 29 de Julio pasado, a su arribo a nuestro Pa\u00eds, se le realiz\u00f3 el testeo correspondiente dispuesto por las Autoridades Nacionales, siendo el mismo negativo&#8221;, remarc\u00f3 el informe firmado por el m\u00e9dico Federico Saavedra.<\/p>\n<p>Y agreg\u00f3: &#8220;A partir de esa fecha, el Primer Mandatario contin\u00faa con aislamiento obligatorio hasta el Jueves 05 del corriente, momento en el cual se le realizar\u00e1 un test de PCR para que pueda retomar sus actividades habituales&#8221;.<\/p>\n<p>Si el resultado es negativo, el Presidente volver\u00e1 a su actividad de forma presencial en Casa Rosada, luego de mantener reuniones y encabezar actos de forma virtual durante los \u00faltimos d\u00edas.<\/p>\n<p>Alberto Fern\u00e1ndez tiene pendiente la definici\u00f3n del reemplazante de Agust\u00edn Rossi al frente del Ministerio de Defensa, y sobre ese nombre reina un gran hermetismo en la Casa Rosada.<\/p>\n<p>Adem\u00e1s, el Gobierno debe organizar la asunci\u00f3n del intendente de Hurlingham, Juan Zabaleta, como nuevo ministro de Desarrollo Social, en lugar de Daniel Arroyo.<\/p>\n","protected":false},"excerpt":{"rendered":"<p>Si el resultado de la prueba de este jueves es negativo, el mandatario volver\u00e1 a sus funciones. La medida se tom\u00f3 luego de su asistencia a la asunci\u00f3n de Pedro Castillo &nbsp; &nbsp; El presidente Alberto Fern\u00e1ndez permanec\u00eda en aislamiento preventivo al menos hasta este jueves, cuando se realice un nuevo testeo PCR para poder identificar coronavirus, tras su regreso de Per\u00fa donde viaj\u00f3 para la asunci\u00f3n de Pedro Castillo. Seg\u00fan inform\u00f3 la Unidad M\u00e9dica Presidencial (UMP), esa prueba definir\u00e1 si el mandatario puede retomar sus actividades en la Casa&#8230;<\/p>\n","protected":false},"author":3,"featured_media":60774,"comment_status":"closed","ping_status":"closed","sticky":false,"template":"","format":"standard","meta":[],"categories":[18],"tags":[],"_links":{"self":[{"href":"https:\/\/www.actualidadadiario.com\/index.php\/wp-json\/wp\/v2\/posts\/76190"}],"collection":[{"href":"https:\/\/www.actualidadadiario.com\/index.php\/wp-json\/wp\/v2\/posts"}],"about":[{"href":"https:\/\/www.actualidadadiario.com\/index.php\/wp-json\/wp\/v2\/types\/post"}],"author":[{"embeddable":true,"href":"https:\/\/www.actualidadadiario.com\/index.php\/wp-json\/wp\/v2\/users\/3"}],"replies":[{"embeddable":true,"href":"https:\/\/www.actualidadadiario.com\/index.php\/wp-json\/wp\/v2\/comments?post=76190"}],"version-history":[{"count":1,"href":"https:\/\/www.actualidadadiario.com\/index.php\/wp-json\/wp\/v2\/posts\/76190\/revisions"}],"predecessor-version":[{"id":76191,"href":"https:\/\/www.actualidadadiario.com\/index.php\/wp-json\/wp\/v2\/posts\/76190\/revisions\/76191"}],"wp:featuredmedia":[{"embeddable":true,"href":"https:\/\/www.actualidadadiario.com\/index.php\/wp-json\/wp\/v2\/media\/60774"}],"wp:attachment":[{"href":"https:\/\/www.actualidadadiario.com\/index.php\/wp-json\/wp\/v2\/media?parent=76190"}],"wp:term":[{"taxonomy":"category","embeddable":true,"href":"https:\/\/www.actualidadadiario.com\/index.php\/wp-json\/wp\/v2\/categories?post=76190"},{"taxonomy":"post_tag","embeddable":true,"href":"https:\/\/www.actualidadadiario.com\/index.php\/wp-json\/wp\/v2\/tags?post=76190"}],"curies":[{"name":"wp","href":"https:\/\/api.w.org\/{rel}","templated":true}]}}