{"id":76188,"date":"2021-08-04T11:18:23","date_gmt":"2021-08-04T14:18:23","guid":{"rendered":"https:\/\/www.actualidadadiario.com\/?p=76188"},"modified":"2021-08-04T11:18:23","modified_gmt":"2021-08-04T14:18:23","slug":"santiago-cafiero-encabeza-la-reunion-semanal-del-gabinete-economico","status":"publish","type":"post","link":"https:\/\/www.actualidadadiario.com\/index.php\/2021\/08\/04\/santiago-cafiero-encabeza-la-reunion-semanal-del-gabinete-economico\/","title":{"rendered":"Santiago Cafiero encabeza la reuni\u00f3n semanal del gabinete econ\u00f3mico"},"content":{"rendered":"<p style=\"text-align: center;\"><em><strong>Del encuentro participan Cecilia Todesca, Mart\u00edn Guzm\u00e1n, Mat\u00edas Kulfas y Claudio Moroni, entre otros funcionarios<\/strong><\/em><\/p>\n<p>&nbsp;<\/p>\n<p>&nbsp;<\/p>\n<p>El jefe de Gabinete, Santiago Cafiero, encabeza este mi\u00e9rcoles en Casa de Gobierno la reuni\u00f3n semanal del gabinete econ\u00f3mico.<\/p>\n<p>El encuentro se realiza en el Sal\u00f3n de los Cient\u00edficos de Casa Rosada, y participan la vicejefa de Gabinete, Cecilia Todesca; y los ministros de Econom\u00eda, Mart\u00edn Guzm\u00e1n; de Desarrollo Productivo, Mat\u00edas Kulfas; y de Trabajo, Claudio Moroni.<\/p>\n<p>Adem\u00e1s, est\u00e1n presentes el presidente del Banco Central, Miguel Pesce; y la directora de la Administraci\u00f3n Federal de Ingresos P\u00fablicos (AFIP), Mercedes Marc\u00f3 del Pont.<\/p>\n","protected":false},"excerpt":{"rendered":"<p>Del encuentro participan Cecilia Todesca, Mart\u00edn Guzm\u00e1n, Mat\u00edas Kulfas y Claudio Moroni, entre otros funcionarios &nbsp; &nbsp; El jefe de Gabinete, Santiago Cafiero, encabeza este mi\u00e9rcoles en Casa de Gobierno la reuni\u00f3n semanal del gabinete econ\u00f3mico. El encuentro se realiza en el Sal\u00f3n de los Cient\u00edficos de Casa Rosada, y participan la vicejefa de Gabinete, Cecilia Todesca; y los ministros de Econom\u00eda, Mart\u00edn Guzm\u00e1n; de Desarrollo Productivo, Mat\u00edas Kulfas; y de Trabajo, Claudio Moroni. Adem\u00e1s, est\u00e1n presentes el presidente del Banco Central, Miguel Pesce; y la directora de la Administraci\u00f3n&#8230;<\/p>\n","protected":false},"author":3,"featured_media":71740,"comment_status":"closed","ping_status":"closed","sticky":false,"template":"","format":"standard","meta":[],"categories":[18],"tags":[],"_links":{"self":[{"href":"https:\/\/www.actualidadadiario.com\/index.php\/wp-json\/wp\/v2\/posts\/76188"}],"collection":[{"href":"https:\/\/www.actualidadadiario.com\/index.php\/wp-json\/wp\/v2\/posts"}],"about":[{"href":"https:\/\/www.actualidadadiario.com\/index.php\/wp-json\/wp\/v2\/types\/post"}],"author":[{"embeddable":true,"href":"https:\/\/www.actualidadadiario.com\/index.php\/wp-json\/wp\/v2\/users\/3"}],"replies":[{"embeddable":true,"href":"https:\/\/www.actualidadadiario.com\/index.php\/wp-json\/wp\/v2\/comments?post=76188"}],"version-history":[{"count":1,"href":"https:\/\/www.actualidadadiario.com\/index.php\/wp-json\/wp\/v2\/posts\/76188\/revisions"}],"predecessor-version":[{"id":76189,"href":"https:\/\/www.actualidadadiario.com\/index.php\/wp-json\/wp\/v2\/posts\/76188\/revisions\/76189"}],"wp:featuredmedia":[{"embeddable":true,"href":"https:\/\/www.actualidadadiario.com\/index.php\/wp-json\/wp\/v2\/media\/71740"}],"wp:attachment":[{"href":"https:\/\/www.actualidadadiario.com\/index.php\/wp-json\/wp\/v2\/media?parent=76188"}],"wp:term":[{"taxonomy":"category","embeddable":true,"href":"https:\/\/www.actualidadadiario.com\/index.php\/wp-json\/wp\/v2\/categories?post=76188"},{"taxonomy":"post_tag","embeddable":true,"href":"https:\/\/www.actualidadadiario.com\/index.php\/wp-json\/wp\/v2\/tags?post=76188"}],"curies":[{"name":"wp","href":"https:\/\/api.w.org\/{rel}","templated":true}]}}